{"id":18801,"date":"2024-06-17T10:18:38","date_gmt":"2024-06-17T16:18:38","guid":{"rendered":"https:\/\/gobernacionaltaverapaz.gob.gt\/?p=18801"},"modified":"2024-06-28T12:56:48","modified_gmt":"2024-06-28T18:56:48","slug":"reunion-con-el-director-ejecutivo-de-la-comision-presidencial-por-la-paz-y-los-derechos-humanos","status":"publish","type":"post","link":"https:\/\/gobernacionaltaverapaz.gob.gt\/?p=18801","title":{"rendered":"Reuni\u00f3n con el Director Ejecutivo de la Comisi\u00f3n Presidencial por la Paz y los Derechos Humanos"},"content":{"rendered":"<div class=\"html-div xe8uvvx xdj266r x11i5rnm xat24cr x1mh8g0r xexx8yu x4uap5 x18d9i69 xkhd6sd\" dir=\"auto\">\n<div id=\":r1d2:\" class=\"x1iorvi4 x1pi30zi x1l90r2v x1swvt13\" data-ad-comet-preview=\"message\" data-ad-preview=\"message\">\n<div class=\"x78zum5 xdt5ytf xz62fqu x16ldp7u\">\n<div class=\"xu06os2 x1ok221b\">\n<div class=\"xdj266r x11i5rnm xat24cr x1mh8g0r x1vvkbs x126k92a\">\n<div dir=\"auto\" style=\"text-align: justify;\">Con el objetivo de buscar soluciones a diversos problemas de violaci\u00f3n de derechos humanos en el departamento de Alta Verapaz, la gobermadora Dilia Margarita C\u00f3 Coy se reuni\u00f3 con el Director Ejecutivo de la Comisi\u00f3n Presidencial por la Paz y los Derechos Humanos Lic. H\u00e9ctor Oswaldo Samayoa Sosa.<\/div>\n<\/div>\n<div class=\"x11i5rnm xat24cr x1mh8g0r x1vvkbs xtlvy1s x126k92a\" style=\"text-align: justify;\">\n<div dir=\"auto\">La reuni\u00f3n cont\u00f3 con el acompa\u00f1amiento de una representante de la Oficina del Alto Comisionado de las Naciones Unidas para los Derechos Humanos.<\/div>\n<\/div>\n<div class=\"x11i5rnm xat24cr x1mh8g0r x1vvkbs xtlvy1s x126k92a\">\n<div dir=\"auto\" style=\"text-align: justify;\">Se hicieron acuerdos para la b\u00fasqueda de estrategias de defensa de los derechos humanos en Alta Verapaz.<\/div>\n<div dir=\"auto\"><\/div>\n<\/div>\n<div class=\"x11i5rnm xat24cr x1mh8g0r x1vvkbs xtlvy1s x126k92a\">\n<div dir=\"auto\"><span class=\"html-span xdj266r x11i5rnm xat24cr x1mh8g0r xexx8yu x4uap5 x18d9i69 xkhd6sd x1hl2dhg x16tdsg8 x1vvkbs\"><a class=\"x1i10hfl xjbqb8w x1ejq31n xd10rxx x1sy0etr x17r0tee x972fbf xcfux6l x1qhh985 xm0m39n x9f619 x1ypdohk xt0psk2 xe8uvvx xdj266r x11i5rnm xat24cr x1mh8g0r xexx8yu x4uap5 x18d9i69 xkhd6sd x16tdsg8 x1hl2dhg xggy1nq x1a2a7pz x1sur9pj xkrqix3 x1fey0fg\" tabindex=\"0\" role=\"link\" href=\"https:\/\/copadeh.gob.gt\/guia-desalojos\/?fbclid=IwZXh0bgNhZW0CMTAAAR3c7phTC2JtALgx7yIp7-D6fuaxzsx3V6ZYVkPsGRocX0rd-sZN5aLaatA_aem_JyC1Uuw-qpg-tUXj26RbSQ\" target=\"_blank\" rel=\"nofollow noopener noreferrer\">https:\/\/copadeh.gob.gt\/guia-desalojos\/<\/a><\/span><\/div>\n<\/div>\n<div class=\"x11i5rnm xat24cr x1mh8g0r x1vvkbs xtlvy1s x126k92a\">\n<div dir=\"auto\"><span class=\"html-span xdj266r x11i5rnm xat24cr x1mh8g0r xexx8yu x4uap5 x18d9i69 xkhd6sd x1hl2dhg x16tdsg8 x1vvkbs\"><a class=\"x1i10hfl xjbqb8w x1ejq31n xd10rxx x1sy0etr x17r0tee x972fbf xcfux6l x1qhh985 xm0m39n x9f619 x1ypdohk xt0psk2 xe8uvvx xdj266r x11i5rnm xat24cr x1mh8g0r xexx8yu x4uap5 x18d9i69 xkhd6sd x16tdsg8 x1hl2dhg xggy1nq x1a2a7pz x1sur9pj xkrqix3 x1fey0fg xo1l8bm\" tabindex=\"0\" role=\"link\" href=\"https:\/\/www.facebook.com\/hashtag\/gobaltaverapaz?__eep__=6&amp;__cft__[0]=AZUT_UdElkpbK6bL4-z9eQdGo4xbWiQulSDnPI-mjzUqs61uaVR8OVUg3g47QaGvITzEQ4v23XHFktSDOFaOdyAvtrI2CBBzwmfYY5RJKqorEpC_85VShEhGWHIo9Qx56WwpivcqDoozobqcIXdr6vrw9oJiQYhZPZVBmS0fB_1jQS9oqha4nuqNK1WhMqxVlWVmBSC-YKFy7zk-LkxA5xERpIPV1jSsjzdzTsW9imUmPwXhwjrZUjIcCLFewux-gU4&amp;__tn__=*NK-R\">#GobAltaVerapaz<\/a><\/span> <span class=\"html-span xdj266r x11i5rnm xat24cr x1mh8g0r xexx8yu x4uap5 x18d9i69 xkhd6sd x1hl2dhg x16tdsg8 x1vvkbs\"><a class=\"x1i10hfl xjbqb8w x1ejq31n xd10rxx x1sy0etr x17r0tee x972fbf xcfux6l x1qhh985 xm0m39n x9f619 x1ypdohk xt0psk2 xe8uvvx xdj266r x11i5rnm xat24cr x1mh8g0r xexx8yu x4uap5 x18d9i69 xkhd6sd x16tdsg8 x1hl2dhg xggy1nq x1a2a7pz x1sur9pj xkrqix3 x1fey0fg xo1l8bm\" tabindex=\"0\" role=\"link\" href=\"https:\/\/www.facebook.com\/hashtag\/derechoshumanos?__eep__=6&amp;__cft__[0]=AZUT_UdElkpbK6bL4-z9eQdGo4xbWiQulSDnPI-mjzUqs61uaVR8OVUg3g47QaGvITzEQ4v23XHFktSDOFaOdyAvtrI2CBBzwmfYY5RJKqorEpC_85VShEhGWHIo9Qx56WwpivcqDoozobqcIXdr6vrw9oJiQYhZPZVBmS0fB_1jQS9oqha4nuqNK1WhMqxVlWVmBSC-YKFy7zk-LkxA5xERpIPV1jSsjzdzTsW9imUmPwXhwjrZUjIcCLFewux-gU4&amp;__tn__=*NK-R\">#DerechosHumanos<\/a><\/span><\/div>\n<\/div>\n<\/div>\n<\/div>\n<\/div>\n<\/div>\n<p>&nbsp;<\/p>\n<p>&nbsp;<\/p>\n<p>&nbsp;<\/p>\n<div><\/div>\n","protected":false},"excerpt":{"rendered":"<p>Con el objetivo de buscar soluciones a diversos problemas de violaci\u00f3n de derechos humanos en el departamento de Alta Verapaz, la gobermadora Dilia Margarita C\u00f3 Coy se reuni\u00f3 con el Director Ejecutivo de la Comisi\u00f3n Presidencial por la Paz y los Derechos Humanos Lic. H\u00e9ctor Oswaldo Samayoa Sosa. La reuni\u00f3n cont\u00f3 con el acompa\u00f1amiento de [&hellip;]<\/p>\n","protected":false},"author":1,"featured_media":18795,"comment_status":"closed","ping_status":"open","sticky":false,"template":"","format":"gallery","meta":[],"categories":[194],"tags":[178],"_links":{"self":[{"href":"https:\/\/gobernacionaltaverapaz.gob.gt\/index.php?rest_route=\/wp\/v2\/posts\/18801"}],"collection":[{"href":"https:\/\/gobernacionaltaverapaz.gob.gt\/index.php?rest_route=\/wp\/v2\/posts"}],"about":[{"href":"https:\/\/gobernacionaltaverapaz.gob.gt\/index.php?rest_route=\/wp\/v2\/types\/post"}],"author":[{"embeddable":true,"href":"https:\/\/gobernacionaltaverapaz.gob.gt\/index.php?rest_route=\/wp\/v2\/users\/1"}],"replies":[{"embeddable":true,"href":"https:\/\/gobernacionaltaverapaz.gob.gt\/index.php?rest_route=%2Fwp%2Fv2%2Fcomments&post=18801"}],"version-history":[{"count":1,"href":"https:\/\/gobernacionaltaverapaz.gob.gt\/index.php?rest_route=\/wp\/v2\/posts\/18801\/revisions"}],"predecessor-version":[{"id":18802,"href":"https:\/\/gobernacionaltaverapaz.gob.gt\/index.php?rest_route=\/wp\/v2\/posts\/18801\/revisions\/18802"}],"wp:featuredmedia":[{"embeddable":true,"href":"https:\/\/gobernacionaltaverapaz.gob.gt\/index.php?rest_route=\/wp\/v2\/media\/18795"}],"wp:attachment":[{"href":"https:\/\/gobernacionaltaverapaz.gob.gt\/index.php?rest_route=%2Fwp%2Fv2%2Fmedia&parent=18801"}],"wp:term":[{"taxonomy":"category","embeddable":true,"href":"https:\/\/gobernacionaltaverapaz.gob.gt\/index.php?rest_route=%2Fwp%2Fv2%2Fcategories&post=18801"},{"taxonomy":"post_tag","embeddable":true,"href":"https:\/\/gobernacionaltaverapaz.gob.gt\/index.php?rest_route=%2Fwp%2Fv2%2Ftags&post=18801"}],"curies":[{"name":"wp","href":"https:\/\/api.w.org\/{rel}","templated":true}]}}