{"id":18830,"date":"2024-07-02T17:19:27","date_gmt":"2024-07-02T23:19:27","guid":{"rendered":"https:\/\/gobernacionaltaverapaz.gob.gt\/?p=18830"},"modified":"2024-07-11T14:32:24","modified_gmt":"2024-07-11T20:32:24","slug":"reuniones-con-la-codred","status":"publish","type":"post","link":"https:\/\/gobernacionaltaverapaz.gob.gt\/?p=18830","title":{"rendered":"Reuniones con la -CODRED-"},"content":{"rendered":"<div class=\"html-div xe8uvvx xdj266r x11i5rnm xat24cr x1mh8g0r xexx8yu x4uap5 x18d9i69 xkhd6sd\" dir=\"auto\">\n<div id=\":ru8:\" class=\"x1iorvi4 x1pi30zi x1l90r2v x1swvt13\" data-ad-comet-preview=\"message\" data-ad-preview=\"message\">\n<div class=\"x78zum5 xdt5ytf xz62fqu x16ldp7u\">\n<div class=\"xu06os2 x1ok221b\">\n<div class=\"xdj266r x11i5rnm xat24cr x1mh8g0r x1vvkbs x126k92a\">\n<div dir=\"auto\" style=\"text-align: justify;\">El d\u00eda de hoy la Gobernadora Dilia Margarita C\u00f3 Coy sostuvo reuniones con la la Coordinadora Departamental para la Reducci\u00f3n de Desastres -CODRED- para informar sobre el avance del Hurac\u00e1n Beryl en el Mar Caribe.<\/div>\n<\/div>\n<div class=\"x11i5rnm xat24cr x1mh8g0r x1vvkbs xtlvy1s x126k92a\" style=\"text-align: justify;\">\n<div dir=\"auto\">Posteriormente con las Instituciones del Ejecutivo en el departamento con quienes se convoc\u00f3 a una Conferencia de Prensa a la que asistieron los medios de comunicaci\u00f3n local.<\/div>\n<\/div>\n<div class=\"x11i5rnm xat24cr x1mh8g0r x1vvkbs xtlvy1s x126k92a\" style=\"text-align: justify;\">\n<div dir=\"auto\">El equipo t\u00e9cnico de la Coordinadora Nacional para la Reducci\u00f3n de Desastres (CONRED) recomend\u00f3 a la poblaci\u00f3n prepararse con suministros b\u00e1sicos, la mochila de 72 horas y considerar un posible lugar de alojamiento para aquellos con alto riesgo de inundaci\u00f3n debido a las crecidas de los r\u00edos.<\/div>\n<\/div>\n<div class=\"x11i5rnm xat24cr x1mh8g0r x1vvkbs xtlvy1s x126k92a\" style=\"text-align: justify;\">\n<div dir=\"auto\">Se proporcionan los siguientes n\u00fameros de tel\u00e9fono para atender las emergencias:<\/div>\n<\/div>\n<div class=\"x11i5rnm xat24cr x1mh8g0r x1vvkbs xtlvy1s x126k92a\" style=\"text-align: justify;\">\n<div dir=\"auto\">CONRED NACIONAL 119 (L\u00ednea Gratuita)<\/div>\n<\/div>\n<div class=\"x11i5rnm xat24cr x1mh8g0r x1vvkbs xtlvy1s x126k92a\" style=\"text-align: justify;\">\n<div dir=\"auto\">CONRED Cob\u00e1n y Carch\u00e1<\/div>\n<div dir=\"auto\">Wilfredo Castro \u2013 4099 3297<\/div>\n<\/div>\n<div class=\"x11i5rnm xat24cr x1mh8g0r x1vvkbs xtlvy1s x126k92a\" style=\"text-align: justify;\">\n<div dir=\"auto\">CONRED Tamah\u00fa, Tucur\u00fa, La Tinta, Senah\u00fa, Panz\u00f3s<\/div>\n<div dir=\"auto\">Rafael Choc \u2013 3730 7091<\/div>\n<\/div>\n<div class=\"x11i5rnm xat24cr x1mh8g0r x1vvkbs xtlvy1s x126k92a\" style=\"text-align: justify;\">\n<div dir=\"auto\">CONRED Chamelco, Santa Cruz, Tactic, San Crist\u00f3bal<\/div>\n<div dir=\"auto\">Jos\u00e9 P\u00e9rez Chenal \u2013 3121 5027<\/div>\n<\/div>\n<div class=\"x11i5rnm xat24cr x1mh8g0r x1vvkbs xtlvy1s x126k92a\" style=\"text-align: justify;\">\n<div dir=\"auto\">CONRED Lanqu\u00edn y Cahab\u00f3n<\/div>\n<div dir=\"auto\">Carlos Mel\u00e9ndez \u2013 3099 4852<\/div>\n<\/div>\n<div class=\"x11i5rnm xat24cr x1mh8g0r x1vvkbs xtlvy1s x126k92a\">\n<div dir=\"auto\" style=\"text-align: justify;\">CONRED Chisec, Raxruh\u00e1, Fray Bartolom\u00e9 de las Casas, Chahal<\/div>\n<div dir=\"auto\" style=\"text-align: justify;\">Mat\u00edas Figueroa 5202 8988<\/div>\n<\/div>\n<\/div>\n<\/div>\n<\/div>\n<\/div>\n<p>&nbsp;<\/p>\n<p>&nbsp;<\/p>\n<p>&nbsp;<\/p>\n<p>&nbsp;<\/p>\n<p>&nbsp;<\/p>\n<p>&nbsp;<\/p>\n<div><\/div>\n","protected":false},"excerpt":{"rendered":"<p>El d\u00eda de hoy la Gobernadora Dilia Margarita C\u00f3 Coy sostuvo reuniones con la la Coordinadora Departamental para la Reducci\u00f3n de Desastres -CODRED- para informar sobre el avance del Hurac\u00e1n Beryl en el Mar Caribe. Posteriormente con las Instituciones del Ejecutivo en el departamento con quienes se convoc\u00f3 a una Conferencia de Prensa a la [&hellip;]<\/p>\n","protected":false},"author":1,"featured_media":18831,"comment_status":"closed","ping_status":"open","sticky":false,"template":"","format":"gallery","meta":[],"categories":[194],"tags":[178],"_links":{"self":[{"href":"https:\/\/gobernacionaltaverapaz.gob.gt\/index.php?rest_route=\/wp\/v2\/posts\/18830"}],"collection":[{"href":"https:\/\/gobernacionaltaverapaz.gob.gt\/index.php?rest_route=\/wp\/v2\/posts"}],"about":[{"href":"https:\/\/gobernacionaltaverapaz.gob.gt\/index.php?rest_route=\/wp\/v2\/types\/post"}],"author":[{"embeddable":true,"href":"https:\/\/gobernacionaltaverapaz.gob.gt\/index.php?rest_route=\/wp\/v2\/users\/1"}],"replies":[{"embeddable":true,"href":"https:\/\/gobernacionaltaverapaz.gob.gt\/index.php?rest_route=%2Fwp%2Fv2%2Fcomments&post=18830"}],"version-history":[{"count":1,"href":"https:\/\/gobernacionaltaverapaz.gob.gt\/index.php?rest_route=\/wp\/v2\/posts\/18830\/revisions"}],"predecessor-version":[{"id":18832,"href":"https:\/\/gobernacionaltaverapaz.gob.gt\/index.php?rest_route=\/wp\/v2\/posts\/18830\/revisions\/18832"}],"wp:featuredmedia":[{"embeddable":true,"href":"https:\/\/gobernacionaltaverapaz.gob.gt\/index.php?rest_route=\/wp\/v2\/media\/18831"}],"wp:attachment":[{"href":"https:\/\/gobernacionaltaverapaz.gob.gt\/index.php?rest_route=%2Fwp%2Fv2%2Fmedia&parent=18830"}],"wp:term":[{"taxonomy":"category","embeddable":true,"href":"https:\/\/gobernacionaltaverapaz.gob.gt\/index.php?rest_route=%2Fwp%2Fv2%2Fcategories&post=18830"},{"taxonomy":"post_tag","embeddable":true,"href":"https:\/\/gobernacionaltaverapaz.gob.gt\/index.php?rest_route=%2Fwp%2Fv2%2Ftags&post=18830"}],"curies":[{"name":"wp","href":"https:\/\/api.w.org\/{rel}","templated":true}]}}