{"id":18865,"date":"2024-07-04T16:39:33","date_gmt":"2024-07-04T22:39:33","guid":{"rendered":"https:\/\/gobernacionaltaverapaz.gob.gt\/?p=18865"},"modified":"2024-07-19T12:28:29","modified_gmt":"2024-07-19T18:28:29","slug":"inauguracion-de-beca-fest-organizado-por-la-mesa-tecnica-departamental-por-las-juventudes-de-alta-verapaz","status":"publish","type":"post","link":"https:\/\/gobernacionaltaverapaz.gob.gt\/?p=18865","title":{"rendered":"Inauguraci\u00f3n de BECA FEST organizado por la Mesa T\u00e9cnica Departamental por las Juventudes de Alta Verapaz"},"content":{"rendered":"<div class=\"html-div xe8uvvx xdj266r x11i5rnm xat24cr x1mh8g0r xexx8yu x4uap5 x18d9i69 xkhd6sd\" dir=\"auto\">\n<div id=\":r18g:\" class=\"x1iorvi4 x1pi30zi x1l90r2v x1swvt13\" data-ad-comet-preview=\"message\" data-ad-preview=\"message\">\n<div class=\"x78zum5 xdt5ytf xz62fqu x16ldp7u\">\n<div class=\"xu06os2 x1ok221b\">\n<div class=\"xdj266r x11i5rnm xat24cr x1mh8g0r x1vvkbs x126k92a\">\n<div dir=\"auto\" style=\"text-align: justify;\">Esta ma\u00f1ana se realiz\u00f3 el acto de inauguraci\u00f3n de BECA FEST organizado por la Mesa T\u00e9cnica Departamental por las Juventudes de Alta Verapaz, en la cual participaron la gobernadora Dilia Margarita C\u00f3 Coy, el Director Departamental de Educaci\u00f3n Anibal Alfonzo Ju\u00e1rez Sierra, el Gerente de Programas de Mercy Corps Jos\u00e9 Salvador Aquino Manzo y el Gerente de Cooperativa Cob\u00e1n Luis Garc\u00eda, la mesa estuvo moderada por Kleidi Sacba de Conexi\u00f3n.<\/div>\n<\/div>\n<div class=\"x11i5rnm xat24cr x1mh8g0r x1vvkbs xtlvy1s x126k92a\" style=\"text-align: justify;\">\n<div dir=\"auto\">Acto seguido se realiz\u00f3 un conversatorio en el que estuvieron en la mesa la Delegada Departamental del Consejo Nacional de la Juventud Andrea Macz, de SEGEPLAN Heidy Corina Can de INTECAP, de New Sun Road Edna Figueroa Cuc.<\/div>\n<\/div>\n<div class=\"x11i5rnm xat24cr x1mh8g0r x1vvkbs xtlvy1s x126k92a\" style=\"text-align: justify;\">\n<div dir=\"auto\">Los temas principales fueron alrededor de las oportunidades de becas para todos y todas, ya que muchas veces estas no llegan a quienes realmente las necesitan, se hizo un compromiso interinstitucional para fomentar la educaci\u00f3n en el departamento.<\/div>\n<\/div>\n<div class=\"x11i5rnm xat24cr x1mh8g0r x1vvkbs xtlvy1s x126k92a\" style=\"text-align: justify;\">\n<div dir=\"auto\">En la actividad estuvieron presentes representantes de las Oficinas Municipales de la Juventud de varios municipios quienes llevar\u00e1n la informaci\u00f3n a sus regiones.<\/div>\n<\/div>\n<div class=\"x11i5rnm xat24cr x1mh8g0r x1vvkbs xtlvy1s x126k92a\" style=\"text-align: justify;\">\n<div dir=\"auto\"><span class=\"html-span xdj266r x11i5rnm xat24cr x1mh8g0r xexx8yu x4uap5 x18d9i69 xkhd6sd x1hl2dhg x16tdsg8 x1vvkbs\"><a class=\"x1i10hfl xjbqb8w x1ejq31n xd10rxx x1sy0etr x17r0tee x972fbf xcfux6l x1qhh985 xm0m39n x9f619 x1ypdohk xt0psk2 xe8uvvx xdj266r x11i5rnm xat24cr x1mh8g0r xexx8yu x4uap5 x18d9i69 xkhd6sd x16tdsg8 x1hl2dhg xggy1nq x1a2a7pz x1sur9pj xkrqix3 x1fey0fg xo1l8bm\" tabindex=\"0\" role=\"link\" href=\"https:\/\/www.facebook.com\/hashtag\/guatemalasaleadelante?__eep__=6&amp;__cft__[0]=AZUoBU0-rO_8I0kbzSphJdc8hURIabUo2Av6WIAFYE-CcUKmHw9JhPuNvfWs3i0FWv8ijdGUDbqYGZkFoP48m3_1SMjHLhY3Y_vpwhsefAHk9RUwAw4oxd7BCaBlQvzr8gcok96HxagX7KNt_FLB89UGVRADuY_zWLFFtTbY9VzsvTLX_u0jm3WNJ-dHkiTb7yDdy5UfHRRQyK6KCDtvKbad&amp;__tn__=*NK-R\">#GuatemalaSaleAdelante<\/a><\/span> <span class=\"html-span xdj266r x11i5rnm xat24cr x1mh8g0r xexx8yu x4uap5 x18d9i69 xkhd6sd x1hl2dhg x16tdsg8 x1vvkbs\"><a class=\"x1i10hfl xjbqb8w x1ejq31n xd10rxx x1sy0etr x17r0tee x972fbf xcfux6l x1qhh985 xm0m39n x9f619 x1ypdohk xt0psk2 xe8uvvx xdj266r x11i5rnm xat24cr x1mh8g0r xexx8yu x4uap5 x18d9i69 xkhd6sd x16tdsg8 x1hl2dhg xggy1nq x1a2a7pz x1sur9pj xkrqix3 x1fey0fg xo1l8bm\" tabindex=\"0\" role=\"link\" href=\"https:\/\/www.facebook.com\/hashtag\/altaverapazsaleadelante?__eep__=6&amp;__cft__[0]=AZUoBU0-rO_8I0kbzSphJdc8hURIabUo2Av6WIAFYE-CcUKmHw9JhPuNvfWs3i0FWv8ijdGUDbqYGZkFoP48m3_1SMjHLhY3Y_vpwhsefAHk9RUwAw4oxd7BCaBlQvzr8gcok96HxagX7KNt_FLB89UGVRADuY_zWLFFtTbY9VzsvTLX_u0jm3WNJ-dHkiTb7yDdy5UfHRRQyK6KCDtvKbad&amp;__tn__=*NK-R\">#AltaVerapazSaleAdelante<\/a><\/span><\/div>\n<\/div>\n<div class=\"x11i5rnm xat24cr x1mh8g0r x1vvkbs xtlvy1s x126k92a\">\n<div dir=\"auto\" style=\"text-align: justify;\"><span class=\"html-span xdj266r x11i5rnm xat24cr x1mh8g0r xexx8yu x4uap5 x18d9i69 xkhd6sd x1hl2dhg x16tdsg8 x1vvkbs\"><a class=\"x1i10hfl xjbqb8w x1ejq31n xd10rxx x1sy0etr x17r0tee x972fbf xcfux6l x1qhh985 xm0m39n x9f619 x1ypdohk xt0psk2 xe8uvvx xdj266r x11i5rnm xat24cr x1mh8g0r xexx8yu x4uap5 x18d9i69 xkhd6sd x16tdsg8 x1hl2dhg xggy1nq x1a2a7pz x1sur9pj xkrqix3 x1fey0fg xo1l8bm\" tabindex=\"0\" role=\"link\" href=\"https:\/\/www.facebook.com\/mesaporlasjuventudes.av?__cft__[0]=AZUoBU0-rO_8I0kbzSphJdc8hURIabUo2Av6WIAFYE-CcUKmHw9JhPuNvfWs3i0FWv8ijdGUDbqYGZkFoP48m3_1SMjHLhY3Y_vpwhsefAHk9RUwAw4oxd7BCaBlQvzr8gcok96HxagX7KNt_FLB89UGVRADuY_zWLFFtTbY9VzsvTLX_u0jm3WNJ-dHkiTb7yDdy5UfHRRQyK6KCDtvKbad&amp;__tn__=-]K-R\"><span class=\"xt0psk2\">Mesa T\u00e9cnica de la Juventud Alta Verapaz<\/span><\/a><\/span> <span class=\"html-span xdj266r x11i5rnm xat24cr x1mh8g0r xexx8yu x4uap5 x18d9i69 xkhd6sd x1hl2dhg x16tdsg8 x1vvkbs\"><a class=\"x1i10hfl xjbqb8w x1ejq31n xd10rxx x1sy0etr x17r0tee x972fbf xcfux6l x1qhh985 xm0m39n x9f619 x1ypdohk xt0psk2 xe8uvvx xdj266r x11i5rnm xat24cr x1mh8g0r xexx8yu x4uap5 x18d9i69 xkhd6sd x16tdsg8 x1hl2dhg xggy1nq x1a2a7pz x1sur9pj xkrqix3 x1fey0fg xo1l8bm\" tabindex=\"0\" role=\"link\" href=\"https:\/\/www.facebook.com\/cobanesmicoope?__cft__[0]=AZUoBU0-rO_8I0kbzSphJdc8hURIabUo2Av6WIAFYE-CcUKmHw9JhPuNvfWs3i0FWv8ijdGUDbqYGZkFoP48m3_1SMjHLhY3Y_vpwhsefAHk9RUwAw4oxd7BCaBlQvzr8gcok96HxagX7KNt_FLB89UGVRADuY_zWLFFtTbY9VzsvTLX_u0jm3WNJ-dHkiTb7yDdy5UfHRRQyK6KCDtvKbad&amp;__tn__=-]K-R\"><span class=\"xt0psk2\">Cooperativa Cob\u00e1n<\/span><\/a><\/span> <span class=\"html-span xdj266r x11i5rnm xat24cr x1mh8g0r xexx8yu x4uap5 x18d9i69 xkhd6sd x1hl2dhg x16tdsg8 x1vvkbs\"><a class=\"x1i10hfl xjbqb8w x1ejq31n xd10rxx x1sy0etr x17r0tee x972fbf xcfux6l x1qhh985 xm0m39n x9f619 x1ypdohk xt0psk2 xe8uvvx xdj266r x11i5rnm xat24cr x1mh8g0r xexx8yu x4uap5 x18d9i69 xkhd6sd x16tdsg8 x1hl2dhg xggy1nq x1a2a7pz x1sur9pj xkrqix3 x1fey0fg xo1l8bm\" tabindex=\"0\" role=\"link\" href=\"https:\/\/www.facebook.com\/SegeplanGT?__cft__[0]=AZUoBU0-rO_8I0kbzSphJdc8hURIabUo2Av6WIAFYE-CcUKmHw9JhPuNvfWs3i0FWv8ijdGUDbqYGZkFoP48m3_1SMjHLhY3Y_vpwhsefAHk9RUwAw4oxd7BCaBlQvzr8gcok96HxagX7KNt_FLB89UGVRADuY_zWLFFtTbY9VzsvTLX_u0jm3WNJ-dHkiTb7yDdy5UfHRRQyK6KCDtvKbad&amp;__tn__=-]K-R\"><span class=\"xt0psk2\">SEGEPLAN Guatemala<\/span><\/a><\/span> <span class=\"html-span xdj266r x11i5rnm xat24cr x1mh8g0r xexx8yu x4uap5 x18d9i69 xkhd6sd x1hl2dhg x16tdsg8 x1vvkbs\"><a class=\"x1i10hfl xjbqb8w x1ejq31n xd10rxx x1sy0etr x17r0tee x972fbf xcfux6l x1qhh985 xm0m39n x9f619 x1ypdohk xt0psk2 xe8uvvx xdj266r x11i5rnm xat24cr x1mh8g0r xexx8yu x4uap5 x18d9i69 xkhd6sd x16tdsg8 x1hl2dhg xggy1nq x1a2a7pz x1sur9pj xkrqix3 x1fey0fg xo1l8bm\" tabindex=\"0\" role=\"link\" href=\"https:\/\/www.facebook.com\/drmercycorpsgt?__cft__[0]=AZUoBU0-rO_8I0kbzSphJdc8hURIabUo2Av6WIAFYE-CcUKmHw9JhPuNvfWs3i0FWv8ijdGUDbqYGZkFoP48m3_1SMjHLhY3Y_vpwhsefAHk9RUwAw4oxd7BCaBlQvzr8gcok96HxagX7KNt_FLB89UGVRADuY_zWLFFtTbY9VzsvTLX_u0jm3WNJ-dHkiTb7yDdy5UfHRRQyK6KCDtvKbad&amp;__tn__=-]K-R\"><span class=\"xt0psk2\">Mercy Corps &#8211; Guatemala<\/span><\/a><\/span> <span class=\"html-span xdj266r x11i5rnm xat24cr x1mh8g0r xexx8yu x4uap5 x18d9i69 xkhd6sd x1hl2dhg x16tdsg8 x1vvkbs\"><a class=\"x1i10hfl xjbqb8w x1ejq31n xd10rxx x1sy0etr x17r0tee x972fbf xcfux6l x1qhh985 xm0m39n x9f619 x1ypdohk xt0psk2 xe8uvvx xdj266r x11i5rnm xat24cr x1mh8g0r xexx8yu x4uap5 x18d9i69 xkhd6sd x16tdsg8 x1hl2dhg xggy1nq x1a2a7pz x1sur9pj xkrqix3 x1fey0fg xo1l8bm\" tabindex=\"0\" role=\"link\" href=\"https:\/\/www.facebook.com\/Intecaprn?__cft__[0]=AZUoBU0-rO_8I0kbzSphJdc8hURIabUo2Av6WIAFYE-CcUKmHw9JhPuNvfWs3i0FWv8ijdGUDbqYGZkFoP48m3_1SMjHLhY3Y_vpwhsefAHk9RUwAw4oxd7BCaBlQvzr8gcok96HxagX7KNt_FLB89UGVRADuY_zWLFFtTbY9VzsvTLX_u0jm3WNJ-dHkiTb7yDdy5UfHRRQyK6KCDtvKbad&amp;__tn__=-]K-R\"><span class=\"xt0psk2\">Intecap Regi\u00f3n Norte<\/span><\/a><\/span> <span class=\"html-span xdj266r x11i5rnm xat24cr x1mh8g0r xexx8yu x4uap5 x18d9i69 xkhd6sd x1hl2dhg x16tdsg8 x1vvkbs\"><a class=\"x1i10hfl xjbqb8w x1ejq31n xd10rxx x1sy0etr x17r0tee x972fbf xcfux6l x1qhh985 xm0m39n x9f619 x1ypdohk xt0psk2 xe8uvvx xdj266r x11i5rnm xat24cr x1mh8g0r xexx8yu x4uap5 x18d9i69 xkhd6sd x16tdsg8 x1hl2dhg xggy1nq x1a2a7pz x1sur9pj xkrqix3 x1fey0fg xo1l8bm\" tabindex=\"0\" role=\"link\" href=\"https:\/\/www.facebook.com\/dideducavoficial?__cft__[0]=AZUoBU0-rO_8I0kbzSphJdc8hURIabUo2Av6WIAFYE-CcUKmHw9JhPuNvfWs3i0FWv8ijdGUDbqYGZkFoP48m3_1SMjHLhY3Y_vpwhsefAHk9RUwAw4oxd7BCaBlQvzr8gcok96HxagX7KNt_FLB89UGVRADuY_zWLFFtTbY9VzsvTLX_u0jm3WNJ-dHkiTb7yDdy5UfHRRQyK6KCDtvKbad&amp;__tn__=-]K-R\"><span class=\"xt0psk2\">Direcci\u00f3n Departamental de Educaci\u00f3n Alta Verapaz P\u00e1gina Oficial<\/span><\/a><\/span> <span class=\"html-span xdj266r x11i5rnm xat24cr x1mh8g0r xexx8yu x4uap5 x18d9i69 xkhd6sd x1hl2dhg x16tdsg8 x1vvkbs\"><a class=\"x1i10hfl xjbqb8w x1ejq31n xd10rxx x1sy0etr x17r0tee x972fbf xcfux6l x1qhh985 xm0m39n x9f619 x1ypdohk xt0psk2 xe8uvvx xdj266r x11i5rnm xat24cr x1mh8g0r xexx8yu x4uap5 x18d9i69 xkhd6sd x16tdsg8 x1hl2dhg xggy1nq x1a2a7pz x1sur9pj xkrqix3 x1fey0fg xo1l8bm\" tabindex=\"0\" role=\"link\" href=\"https:\/\/www.facebook.com\/Conexion.cam?__cft__[0]=AZUoBU0-rO_8I0kbzSphJdc8hURIabUo2Av6WIAFYE-CcUKmHw9JhPuNvfWs3i0FWv8ijdGUDbqYGZkFoP48m3_1SMjHLhY3Y_vpwhsefAHk9RUwAw4oxd7BCaBlQvzr8gcok96HxagX7KNt_FLB89UGVRADuY_zWLFFtTbY9VzsvTLX_u0jm3WNJ-dHkiTb7yDdy5UfHRRQyK6KCDtvKbad&amp;__tn__=-]K-R\"><span class=\"xt0psk2\">Conexi\u00f3n Centroam\u00e9rica<\/span><\/a><\/span> <span class=\"html-span xdj266r x11i5rnm xat24cr x1mh8g0r xexx8yu x4uap5 x18d9i69 xkhd6sd x1hl2dhg x16tdsg8 x1vvkbs\"><a class=\"x1i10hfl xjbqb8w x1ejq31n xd10rxx x1sy0etr x17r0tee x972fbf xcfux6l x1qhh985 xm0m39n x9f619 x1ypdohk xt0psk2 xe8uvvx xdj266r x11i5rnm xat24cr x1mh8g0r xexx8yu x4uap5 x18d9i69 xkhd6sd x16tdsg8 x1hl2dhg xggy1nq x1a2a7pz x1sur9pj xkrqix3 x1fey0fg xo1l8bm\" tabindex=\"0\" role=\"link\" href=\"https:\/\/www.facebook.com\/NewSunRoadGuatemala?__cft__[0]=AZUoBU0-rO_8I0kbzSphJdc8hURIabUo2Av6WIAFYE-CcUKmHw9JhPuNvfWs3i0FWv8ijdGUDbqYGZkFoP48m3_1SMjHLhY3Y_vpwhsefAHk9RUwAw4oxd7BCaBlQvzr8gcok96HxagX7KNt_FLB89UGVRADuY_zWLFFtTbY9VzsvTLX_u0jm3WNJ-dHkiTb7yDdy5UfHRRQyK6KCDtvKbad&amp;__tn__=-]K-R\"><span class=\"xt0psk2\">New Sun Road Guatemala<\/span><\/a><\/span><\/div>\n<\/div>\n<\/div>\n<\/div>\n<\/div>\n<\/div>\n<p>&nbsp;<\/p>\n<p>&nbsp;<\/p>\n<div><\/div>\n","protected":false},"excerpt":{"rendered":"<p>Esta ma\u00f1ana se realiz\u00f3 el acto de inauguraci\u00f3n de BECA FEST organizado por la Mesa T\u00e9cnica Departamental por las Juventudes de Alta Verapaz, en la cual participaron la gobernadora Dilia Margarita C\u00f3 Coy, el Director Departamental de Educaci\u00f3n Anibal Alfonzo Ju\u00e1rez Sierra, el Gerente de Programas de Mercy Corps Jos\u00e9 Salvador Aquino Manzo y el [&hellip;]<\/p>\n","protected":false},"author":1,"featured_media":18866,"comment_status":"closed","ping_status":"open","sticky":false,"template":"","format":"gallery","meta":[],"categories":[183,2,182],"tags":[178],"_links":{"self":[{"href":"https:\/\/gobernacionaltaverapaz.gob.gt\/index.php?rest_route=\/wp\/v2\/posts\/18865"}],"collection":[{"href":"https:\/\/gobernacionaltaverapaz.gob.gt\/index.php?rest_route=\/wp\/v2\/posts"}],"about":[{"href":"https:\/\/gobernacionaltaverapaz.gob.gt\/index.php?rest_route=\/wp\/v2\/types\/post"}],"author":[{"embeddable":true,"href":"https:\/\/gobernacionaltaverapaz.gob.gt\/index.php?rest_route=\/wp\/v2\/users\/1"}],"replies":[{"embeddable":true,"href":"https:\/\/gobernacionaltaverapaz.gob.gt\/index.php?rest_route=%2Fwp%2Fv2%2Fcomments&post=18865"}],"version-history":[{"count":1,"href":"https:\/\/gobernacionaltaverapaz.gob.gt\/index.php?rest_route=\/wp\/v2\/posts\/18865\/revisions"}],"predecessor-version":[{"id":18867,"href":"https:\/\/gobernacionaltaverapaz.gob.gt\/index.php?rest_route=\/wp\/v2\/posts\/18865\/revisions\/18867"}],"wp:featuredmedia":[{"embeddable":true,"href":"https:\/\/gobernacionaltaverapaz.gob.gt\/index.php?rest_route=\/wp\/v2\/media\/18866"}],"wp:attachment":[{"href":"https:\/\/gobernacionaltaverapaz.gob.gt\/index.php?rest_route=%2Fwp%2Fv2%2Fmedia&parent=18865"}],"wp:term":[{"taxonomy":"category","embeddable":true,"href":"https:\/\/gobernacionaltaverapaz.gob.gt\/index.php?rest_route=%2Fwp%2Fv2%2Fcategories&post=18865"},{"taxonomy":"post_tag","embeddable":true,"href":"https:\/\/gobernacionaltaverapaz.gob.gt\/index.php?rest_route=%2Fwp%2Fv2%2Ftags&post=18865"}],"curies":[{"name":"wp","href":"https:\/\/api.w.org\/{rel}","templated":true}]}}