{"id":18884,"date":"2024-07-04T17:08:34","date_gmt":"2024-07-04T23:08:34","guid":{"rendered":"https:\/\/gobernacionaltaverapaz.gob.gt\/?p=18884"},"modified":"2024-09-24T11:59:41","modified_gmt":"2024-09-24T17:59:41","slug":"gobernadora-dilia-margarita-co-coy-fue-invitada-por-la-pastoral-social-caritas-diocesis-de-la-verapaz","status":"publish","type":"post","link":"https:\/\/gobernacionaltaverapaz.gob.gt\/?p=18884","title":{"rendered":"Gobernadora Dilia Margarita C\u00f3 Coy fue invitada por la Pastoral Social C\u00e1ritas Di\u00f3cesis de la Verapaz"},"content":{"rendered":"<div class=\"html-div xe8uvvx xdj266r x11i5rnm xat24cr x1mh8g0r xexx8yu x4uap5 x18d9i69 xkhd6sd\" dir=\"auto\">\n<div id=\":r16m:\" class=\"x1iorvi4 x1pi30zi x1l90r2v x1swvt13\" data-ad-comet-preview=\"message\" data-ad-preview=\"message\">\n<div class=\"x78zum5 xdt5ytf xz62fqu x16ldp7u\">\n<div class=\"xu06os2 x1ok221b\">\n<div class=\"xdj266r x11i5rnm xat24cr x1mh8g0r x1vvkbs x126k92a\">\n<div dir=\"auto\" style=\"text-align: justify;\">Esta ma\u00f1ana la gobernadora Dilia Margarita C\u00f3 Coy fue invitada por la Pastoral Social C\u00e1ritas Di\u00f3cesis de la Verapaz a participar en una reuni\u00f3n que tuvo como objetivo socializar ante representantes institucionales y gubernamentales los resultados del estudio t\u00e9cnico \u201cHidrologia de la subcuenca Mestela bajo cambio clim\u00e1tico y uso del suelo\u201d, presentado por Tara Cahill, Bi\u00f3loga de la Comunidad de Conservaci\u00f3n \u201cTzunun\u201d en la regi\u00f3n de la cuenca.<\/div>\n<\/div>\n<div class=\"x11i5rnm xat24cr x1mh8g0r x1vvkbs xtlvy1s x126k92a\" style=\"text-align: justify;\">\n<div dir=\"auto\">Pr\u00f3ximamente se estar\u00e1 compartiendo el contenido de la presentaci\u00f3n que contienen<\/div>\n<div dir=\"auto\">&#8211; Contexto sociohidrologico &#8211; \u00bfC\u00f3mo funciona el sistema de provision de agua y<\/div>\n<div dir=\"auto\">quienes est\u00e1n involucrados?<\/div>\n<div dir=\"auto\">&#8211; Retos &#8211; \u00bfC\u00f3mo y por qu\u00e9 esta cambiando el acceso al agua?<\/div>\n<div dir=\"auto\">&#8211; Soluciones te\u00f3ricas &#8211; \u00bfC\u00f3mo podemos mejorar la situaci\u00f3n y prepararnos para<\/div>\n<div dir=\"auto\">el futuro?<\/div>\n<div dir=\"auto\">&#8211; Ejecuci\u00f3n pr\u00e1ctica &#8211; \u00bfC\u00f3mo podemos manejar la cuenca del Mestela de<\/div>\n<div dir=\"auto\">manera integral? \u00bfQu\u00e9 intervenciones concretas se pueden poner en practica? \u00bfC\u00f3mo encajan las intervenciones con el desarrollo econ\u00f3mico sostenible de la cuenca? \u00bfHacia d\u00f3nde vamos y c\u00f3mo podemos colaborar?<\/div>\n<\/div>\n<div class=\"x11i5rnm xat24cr x1mh8g0r x1vvkbs xtlvy1s x126k92a\" style=\"text-align: justify;\">\n<div dir=\"auto\">Es de resaltar la importancia estrat\u00e9gica de esta cuenca que aporta agua a Chamelco, Cob\u00e1n, Santa Cruz, Tactic y Tamah\u00fa, por lo que la intervenci\u00f3n de la Gobernaci\u00f3n Departamental como ente articulador del Consejo Departamental de Desarrollo, puede generar los espacios para proteger este valioso recurso natural.<\/div>\n<\/div>\n<div class=\"x11i5rnm xat24cr x1mh8g0r x1vvkbs xtlvy1s x126k92a\" style=\"text-align: justify;\">\n<div dir=\"auto\"><span class=\"html-span xdj266r x11i5rnm xat24cr x1mh8g0r xexx8yu x4uap5 x18d9i69 xkhd6sd x1hl2dhg x16tdsg8 x1vvkbs\"><a class=\"x1i10hfl xjbqb8w x1ejq31n xd10rxx x1sy0etr x17r0tee x972fbf xcfux6l x1qhh985 xm0m39n x9f619 x1ypdohk xt0psk2 xe8uvvx xdj266r x11i5rnm xat24cr x1mh8g0r xexx8yu x4uap5 x18d9i69 xkhd6sd x16tdsg8 x1hl2dhg xggy1nq x1a2a7pz x1sur9pj xkrqix3 x1fey0fg xo1l8bm\" tabindex=\"0\" role=\"link\" href=\"https:\/\/www.facebook.com\/hashtag\/guatemalasaleadelante?__eep__=6&amp;__cft__[0]=AZWJ6mlYC1jpF14nZi8gNIu7CueYmP-oe6ktcThV1h6Um3HY8yyP7kiEvons6dtUZ9-3470Xa5MS12vjrRmUwTAjQeADdHUsUOdfeta9wcsLfBF8oKW9kJ59EBGu_WWibpErCIYlSiyTjxdWQor9ex8goHtz-M0Txw1fzVHER47QHiwUW33QSGy2dar5fEkUbLmoWS6_sf9NhrQU1soBGG3k&amp;__tn__=*NK-R\">#GuatemalaSaleAdelante<\/a><\/span><\/div>\n<\/div>\n<div class=\"x11i5rnm xat24cr x1mh8g0r x1vvkbs xtlvy1s x126k92a\">\n<div dir=\"auto\" style=\"text-align: justify;\"><span class=\"html-span xdj266r x11i5rnm xat24cr x1mh8g0r xexx8yu x4uap5 x18d9i69 xkhd6sd x1hl2dhg x16tdsg8 x1vvkbs\"><a class=\"x1i10hfl xjbqb8w x1ejq31n xd10rxx x1sy0etr x17r0tee x972fbf xcfux6l x1qhh985 xm0m39n x9f619 x1ypdohk xt0psk2 xe8uvvx xdj266r x11i5rnm xat24cr x1mh8g0r xexx8yu x4uap5 x18d9i69 xkhd6sd x16tdsg8 x1hl2dhg xggy1nq x1a2a7pz x1sur9pj xkrqix3 x1fey0fg xo1l8bm\" tabindex=\"0\" role=\"link\" href=\"https:\/\/www.facebook.com\/profile.php?id=100068626631380&amp;__cft__[0]=AZWJ6mlYC1jpF14nZi8gNIu7CueYmP-oe6ktcThV1h6Um3HY8yyP7kiEvons6dtUZ9-3470Xa5MS12vjrRmUwTAjQeADdHUsUOdfeta9wcsLfBF8oKW9kJ59EBGu_WWibpErCIYlSiyTjxdWQor9ex8goHtz-M0Txw1fzVHER47QHiwUW33QSGy2dar5fEkUbLmoWS6_sf9NhrQU1soBGG3k&amp;__tn__=-]K-R\"><span class=\"xt0psk2\">Pastoral Social-C\u00e1ritas Di\u00f3cesis de la Verapaz<\/span><\/a><\/span> <span class=\"html-span xdj266r x11i5rnm xat24cr x1mh8g0r xexx8yu x4uap5 x18d9i69 xkhd6sd x1hl2dhg x16tdsg8 x1vvkbs\"><a class=\"x1i10hfl xjbqb8w x1ejq31n xd10rxx x1sy0etr x17r0tee x972fbf xcfux6l x1qhh985 xm0m39n x9f619 x1ypdohk xt0psk2 xe8uvvx xdj266r x11i5rnm xat24cr x1mh8g0r xexx8yu x4uap5 x18d9i69 xkhd6sd x16tdsg8 x1hl2dhg xggy1nq x1a2a7pz x1sur9pj xkrqix3 x1fey0fg xo1l8bm\" tabindex=\"0\" role=\"link\" href=\"https:\/\/www.facebook.com\/comunidadtzunun?__cft__[0]=AZWJ6mlYC1jpF14nZi8gNIu7CueYmP-oe6ktcThV1h6Um3HY8yyP7kiEvons6dtUZ9-3470Xa5MS12vjrRmUwTAjQeADdHUsUOdfeta9wcsLfBF8oKW9kJ59EBGu_WWibpErCIYlSiyTjxdWQor9ex8goHtz-M0Txw1fzVHER47QHiwUW33QSGy2dar5fEkUbLmoWS6_sf9NhrQU1soBGG3k&amp;__tn__=-]K-R\"><span class=\"xt0psk2\">Comunidad de Conservaci\u00f3n Tzunun<\/span><\/a><\/span><\/div>\n<\/div>\n<\/div>\n<\/div>\n<\/div>\n<\/div>\n<p>&nbsp;<\/p>\n<p>&nbsp;<\/p>\n<div><\/div>\n","protected":false},"excerpt":{"rendered":"<p>Esta ma\u00f1ana la gobernadora Dilia Margarita C\u00f3 Coy fue invitada por la Pastoral Social C\u00e1ritas Di\u00f3cesis de la Verapaz a participar en una reuni\u00f3n que tuvo como objetivo socializar ante representantes institucionales y gubernamentales los resultados del estudio t\u00e9cnico \u201cHidrologia de la subcuenca Mestela bajo cambio clim\u00e1tico y uso del suelo\u201d, presentado por Tara Cahill, [&hellip;]<\/p>\n","protected":false},"author":1,"featured_media":18885,"comment_status":"closed","ping_status":"open","sticky":false,"template":"","format":"gallery","meta":[],"categories":[194],"tags":[178],"_links":{"self":[{"href":"https:\/\/gobernacionaltaverapaz.gob.gt\/index.php?rest_route=\/wp\/v2\/posts\/18884"}],"collection":[{"href":"https:\/\/gobernacionaltaverapaz.gob.gt\/index.php?rest_route=\/wp\/v2\/posts"}],"about":[{"href":"https:\/\/gobernacionaltaverapaz.gob.gt\/index.php?rest_route=\/wp\/v2\/types\/post"}],"author":[{"embeddable":true,"href":"https:\/\/gobernacionaltaverapaz.gob.gt\/index.php?rest_route=\/wp\/v2\/users\/1"}],"replies":[{"embeddable":true,"href":"https:\/\/gobernacionaltaverapaz.gob.gt\/index.php?rest_route=%2Fwp%2Fv2%2Fcomments&post=18884"}],"version-history":[{"count":3,"href":"https:\/\/gobernacionaltaverapaz.gob.gt\/index.php?rest_route=\/wp\/v2\/posts\/18884\/revisions"}],"predecessor-version":[{"id":20070,"href":"https:\/\/gobernacionaltaverapaz.gob.gt\/index.php?rest_route=\/wp\/v2\/posts\/18884\/revisions\/20070"}],"wp:featuredmedia":[{"embeddable":true,"href":"https:\/\/gobernacionaltaverapaz.gob.gt\/index.php?rest_route=\/wp\/v2\/media\/18885"}],"wp:attachment":[{"href":"https:\/\/gobernacionaltaverapaz.gob.gt\/index.php?rest_route=%2Fwp%2Fv2%2Fmedia&parent=18884"}],"wp:term":[{"taxonomy":"category","embeddable":true,"href":"https:\/\/gobernacionaltaverapaz.gob.gt\/index.php?rest_route=%2Fwp%2Fv2%2Fcategories&post=18884"},{"taxonomy":"post_tag","embeddable":true,"href":"https:\/\/gobernacionaltaverapaz.gob.gt\/index.php?rest_route=%2Fwp%2Fv2%2Ftags&post=18884"}],"curies":[{"name":"wp","href":"https:\/\/api.w.org\/{rel}","templated":true}]}}