{"id":18896,"date":"2024-07-09T08:02:18","date_gmt":"2024-07-09T14:02:18","guid":{"rendered":"https:\/\/gobernacionaltaverapaz.gob.gt\/?p=18896"},"modified":"2024-07-19T14:45:28","modified_gmt":"2024-07-19T20:45:28","slug":"reunion-extraordinaria-del-consejo-regional-de-desarrollo-urbano-y-rural-coredur-region-norte-ii","status":"publish","type":"post","link":"https:\/\/gobernacionaltaverapaz.gob.gt\/?p=18896","title":{"rendered":"Reuni\u00f3n extraordinaria del Consejo Regional de Desarrollo Urbano y Rural -COREDUR- Regi\u00f3n Norte II"},"content":{"rendered":"<div class=\"xdj266r x11i5rnm xat24cr x1mh8g0r x1vvkbs x126k92a\">\n<div dir=\"auto\" style=\"text-align: justify;\">La Gobernadora Dilia Margarita C\u00f3 Coy viaj\u00f3 hasta San Miguel Chicaj para participar en la Reuni\u00f3n extraordinaria del Consejo Regional de Desarrollo Urbano y Rural -COREDUR- Regi\u00f3n Norte II. Durante esta reuni\u00f3n se trat\u00f3 el tema de la propuesta de proyectos de inversi\u00f3n para el ejercicio fiscal 2025 en la regi\u00f3n norte.<\/div>\n<\/div>\n<div class=\"x11i5rnm xat24cr x1mh8g0r x1vvkbs xtlvy1s x126k92a\" style=\"text-align: justify;\">\n<div dir=\"auto\">En esta reuni\u00f3n tambi\u00e9n participaron el Gobernador Elman Ronaldo Vix Bedoya y el Alcalde de San Miguel Chicaj, Fernando Calate Cuquej. Analizaron los indicadores de desarrollo, con el objetivo de identificar \u00e1reas clave que necesitan inversi\u00f3n y mejoras.<\/div>\n<\/div>\n<div class=\"x11i5rnm xat24cr x1mh8g0r x1vvkbs xtlvy1s x126k92a\" style=\"text-align: justify;\">\n<div dir=\"auto\">Este encuentro busca asegurar los procesos oportunos de preinversi\u00f3n para alcanzar la aprobaci\u00f3n de los proyectos antes del 31 de diciembre. Cabe destacar que la regi\u00f3n norte recibir\u00e1 la mayor cantidad de recursos a nivel regional, sumando un total de Q402,236,110.00 para financiar 192 proyectos.<\/div>\n<\/div>\n<div class=\"x11i5rnm xat24cr x1mh8g0r x1vvkbs xtlvy1s x126k92a\">\n<div dir=\"auto\" style=\"text-align: justify;\">Alta Verapaz contar\u00e1 con una inversi\u00f3n de Q269,906,286.00 para 118 proyectos y Baja Verapaz recibir\u00e1 Q132,329,824.00 destinados a 74 proyectos.<\/div>\n<\/div>\n<p>&nbsp;<\/p>\n<div><\/div>\n","protected":false},"excerpt":{"rendered":"<p>La Gobernadora Dilia Margarita C\u00f3 Coy viaj\u00f3 hasta San Miguel Chicaj para participar en la Reuni\u00f3n extraordinaria del Consejo Regional de Desarrollo Urbano y Rural -COREDUR- Regi\u00f3n Norte II. Durante esta reuni\u00f3n se trat\u00f3 el tema de la propuesta de proyectos de inversi\u00f3n para el ejercicio fiscal 2025 en la regi\u00f3n norte. En esta reuni\u00f3n [&hellip;]<\/p>\n","protected":false},"author":1,"featured_media":18897,"comment_status":"closed","ping_status":"open","sticky":false,"template":"","format":"gallery","meta":[],"categories":[183],"tags":[178],"_links":{"self":[{"href":"https:\/\/gobernacionaltaverapaz.gob.gt\/index.php?rest_route=\/wp\/v2\/posts\/18896"}],"collection":[{"href":"https:\/\/gobernacionaltaverapaz.gob.gt\/index.php?rest_route=\/wp\/v2\/posts"}],"about":[{"href":"https:\/\/gobernacionaltaverapaz.gob.gt\/index.php?rest_route=\/wp\/v2\/types\/post"}],"author":[{"embeddable":true,"href":"https:\/\/gobernacionaltaverapaz.gob.gt\/index.php?rest_route=\/wp\/v2\/users\/1"}],"replies":[{"embeddable":true,"href":"https:\/\/gobernacionaltaverapaz.gob.gt\/index.php?rest_route=%2Fwp%2Fv2%2Fcomments&post=18896"}],"version-history":[{"count":1,"href":"https:\/\/gobernacionaltaverapaz.gob.gt\/index.php?rest_route=\/wp\/v2\/posts\/18896\/revisions"}],"predecessor-version":[{"id":18898,"href":"https:\/\/gobernacionaltaverapaz.gob.gt\/index.php?rest_route=\/wp\/v2\/posts\/18896\/revisions\/18898"}],"wp:featuredmedia":[{"embeddable":true,"href":"https:\/\/gobernacionaltaverapaz.gob.gt\/index.php?rest_route=\/wp\/v2\/media\/18897"}],"wp:attachment":[{"href":"https:\/\/gobernacionaltaverapaz.gob.gt\/index.php?rest_route=%2Fwp%2Fv2%2Fmedia&parent=18896"}],"wp:term":[{"taxonomy":"category","embeddable":true,"href":"https:\/\/gobernacionaltaverapaz.gob.gt\/index.php?rest_route=%2Fwp%2Fv2%2Fcategories&post=18896"},{"taxonomy":"post_tag","embeddable":true,"href":"https:\/\/gobernacionaltaverapaz.gob.gt\/index.php?rest_route=%2Fwp%2Fv2%2Ftags&post=18896"}],"curies":[{"name":"wp","href":"https:\/\/api.w.org\/{rel}","templated":true}]}}