{"id":18905,"date":"2024-07-09T08:44:05","date_gmt":"2024-07-09T14:44:05","guid":{"rendered":"https:\/\/gobernacionaltaverapaz.gob.gt\/?p=18905"},"modified":"2024-07-19T16:19:53","modified_gmt":"2024-07-19T22:19:53","slug":"presentacion-de-un-proyecto-de-empoderamiento-economico-y-social","status":"publish","type":"post","link":"https:\/\/gobernacionaltaverapaz.gob.gt\/?p=18905","title":{"rendered":"Presentaci\u00f3n de un proyecto de empoderamiento econ\u00f3mico y social"},"content":{"rendered":"<div class=\"html-div xe8uvvx xdj266r x11i5rnm xat24cr x1mh8g0r xexx8yu x4uap5 x18d9i69 xkhd6sd\" dir=\"auto\">\n<div class=\"html-div xe8uvvx xdj266r x11i5rnm xat24cr x1mh8g0r xexx8yu x4uap5 x18d9i69 xkhd6sd\" dir=\"auto\">\n<div class=\"x1iorvi4 x1pi30zi x1l90r2v x1swvt13\" data-ad-comet-preview=\"message\" data-ad-preview=\"message\">\n<div class=\"x78zum5 xdt5ytf xz62fqu x16ldp7u\">\n<div class=\"xu06os2 x1ok221b\">\n<div class=\"xdj266r x11i5rnm xat24cr x1mh8g0r x1vvkbs x126k92a\">\n<div dir=\"auto\">Con el objetivo de presentar un proyecto de empoderamiento econ\u00f3mico y social, la Subsecretaria Paola Arg\u00fcijo y equipo de <span class=\"html-span xdj266r x11i5rnm xat24cr x1mh8g0r xexx8yu x4uap5 x18d9i69 xkhd6sd x1hl2dhg x16tdsg8 x1vvkbs\"><a class=\"x1i10hfl xjbqb8w x1ejq31n xd10rxx x1sy0etr x17r0tee x972fbf xcfux6l x1qhh985 xm0m39n x9f619 x1ypdohk xt0psk2 xe8uvvx xdj266r x11i5rnm xat24cr x1mh8g0r xexx8yu x4uap5 x18d9i69 xkhd6sd x16tdsg8 x1hl2dhg xggy1nq x1a2a7pz x1sur9pj xkrqix3 x1fey0fg xo1l8bm\" tabindex=\"0\" role=\"link\" href=\"https:\/\/www.facebook.com\/hashtag\/svet?__eep__=6&amp;__cft__[0]=AZXV4gRIcPwsVOkA1XbvsEloVtkid0Dgajs5btd31i3BHhNP1TOC0ENU7kUyENa_D0CvKaCOsvJ8yMyNGvZlCKQ88PrZlKBVfJ_da9sPrIm1Arpq2hy9uq7MSM_p20P6m9kKHiPwBlYNiHTNU6WzHNI7AomSKRZdYzGoczx-Pv-b3R3ptdeZhAfvf2n387iYOHvm9g4nlCjEl4iauEUYRmKl5E4rXwLzsMboNfDEaNYMticPZTeUrMSfdQc7f7UqHMs&amp;__tn__=*NK-y-R\">#SVET<\/a><\/span>, junto a la delegaci\u00f3n de Taiw\u00e1n, se reunieron con la Gobernadora Departamental de Alta Verapaz, Dilia C\u00f3 Coy.<\/div>\n<\/div>\n<div class=\"x11i5rnm xat24cr x1mh8g0r x1vvkbs xtlvy1s x126k92a\">\n<div dir=\"auto\">El referido proyecto est\u00e1 dirigido a mujeres v\u00edctimas de delitos VET, con el prop\u00f3sito de apoyarlas en la recuperaci\u00f3n y desarrollo de sus proyectos de vida.<\/div>\n<div dir=\"auto\"><\/div>\n<\/div>\n<div class=\"x11i5rnm xat24cr x1mh8g0r x1vvkbs xtlvy1s x126k92a\">\n<div dir=\"auto\"><span class=\"html-span xdj266r x11i5rnm xat24cr x1mh8g0r xexx8yu x4uap5 x18d9i69 xkhd6sd x1hl2dhg x16tdsg8 x1vvkbs\"><a class=\"x1i10hfl xjbqb8w x1ejq31n xd10rxx x1sy0etr x17r0tee x972fbf xcfux6l x1qhh985 xm0m39n x9f619 x1ypdohk xt0psk2 xe8uvvx xdj266r x11i5rnm xat24cr x1mh8g0r xexx8yu x4uap5 x18d9i69 xkhd6sd x16tdsg8 x1hl2dhg xggy1nq x1a2a7pz x1sur9pj xkrqix3 x1fey0fg xo1l8bm\" tabindex=\"0\" role=\"link\" href=\"https:\/\/www.facebook.com\/VicepresidenciaGuatemala?__cft__[0]=AZXV4gRIcPwsVOkA1XbvsEloVtkid0Dgajs5btd31i3BHhNP1TOC0ENU7kUyENa_D0CvKaCOsvJ8yMyNGvZlCKQ88PrZlKBVfJ_da9sPrIm1Arpq2hy9uq7MSM_p20P6m9kKHiPwBlYNiHTNU6WzHNI7AomSKRZdYzGoczx-Pv-b3R3ptdeZhAfvf2n387iYOHvm9g4nlCjEl4iauEUYRmKl5E4rXwLzsMboNfDEaNYMticPZTeUrMSfdQc7f7UqHMs&amp;__tn__=-]K-y-R\"><span class=\"xt0psk2\">Vicepresidencia de Guatemala<\/span><\/a><\/span> <span class=\"html-span xdj266r x11i5rnm xat24cr x1mh8g0r xexx8yu x4uap5 x18d9i69 xkhd6sd x1hl2dhg x16tdsg8 x1vvkbs\"><a class=\"x1i10hfl xjbqb8w x1ejq31n xd10rxx x1sy0etr x17r0tee x972fbf xcfux6l x1qhh985 xm0m39n x9f619 x1ypdohk xt0psk2 xe8uvvx xdj266r x11i5rnm xat24cr x1mh8g0r xexx8yu x4uap5 x18d9i69 xkhd6sd x16tdsg8 x1hl2dhg xggy1nq x1a2a7pz x1sur9pj xkrqix3 x1fey0fg xo1l8bm\" tabindex=\"0\" role=\"link\" href=\"https:\/\/www.facebook.com\/GobernacionAV?__cft__[0]=AZXV4gRIcPwsVOkA1XbvsEloVtkid0Dgajs5btd31i3BHhNP1TOC0ENU7kUyENa_D0CvKaCOsvJ8yMyNGvZlCKQ88PrZlKBVfJ_da9sPrIm1Arpq2hy9uq7MSM_p20P6m9kKHiPwBlYNiHTNU6WzHNI7AomSKRZdYzGoczx-Pv-b3R3ptdeZhAfvf2n387iYOHvm9g4nlCjEl4iauEUYRmKl5E4rXwLzsMboNfDEaNYMticPZTeUrMSfdQc7f7UqHMs&amp;__tn__=-]K-y-R\"><span class=\"xt0psk2\">Gobernaci\u00f3n Departamental de Alta Verapaz<\/span><\/a><\/span><\/div>\n<\/div>\n<\/div>\n<\/div>\n<\/div>\n<\/div>\n<\/div>\n<p>&nbsp;<\/p>\n<div><\/div>\n<div><\/div>\n<p>&nbsp;<\/p>\n<p>&nbsp;<\/p>\n","protected":false},"excerpt":{"rendered":"<p>Con el objetivo de presentar un proyecto de empoderamiento econ\u00f3mico y social, la Subsecretaria Paola Arg\u00fcijo y equipo de #SVET, junto a la delegaci\u00f3n de Taiw\u00e1n, se reunieron con la Gobernadora Departamental de Alta Verapaz, Dilia C\u00f3 Coy. El referido proyecto est\u00e1 dirigido a mujeres v\u00edctimas de delitos VET, con el prop\u00f3sito de apoyarlas en [&hellip;]<\/p>\n","protected":false},"author":1,"featured_media":18906,"comment_status":"closed","ping_status":"open","sticky":false,"template":"","format":"gallery","meta":[],"categories":[183],"tags":[178],"_links":{"self":[{"href":"https:\/\/gobernacionaltaverapaz.gob.gt\/index.php?rest_route=\/wp\/v2\/posts\/18905"}],"collection":[{"href":"https:\/\/gobernacionaltaverapaz.gob.gt\/index.php?rest_route=\/wp\/v2\/posts"}],"about":[{"href":"https:\/\/gobernacionaltaverapaz.gob.gt\/index.php?rest_route=\/wp\/v2\/types\/post"}],"author":[{"embeddable":true,"href":"https:\/\/gobernacionaltaverapaz.gob.gt\/index.php?rest_route=\/wp\/v2\/users\/1"}],"replies":[{"embeddable":true,"href":"https:\/\/gobernacionaltaverapaz.gob.gt\/index.php?rest_route=%2Fwp%2Fv2%2Fcomments&post=18905"}],"version-history":[{"count":1,"href":"https:\/\/gobernacionaltaverapaz.gob.gt\/index.php?rest_route=\/wp\/v2\/posts\/18905\/revisions"}],"predecessor-version":[{"id":18907,"href":"https:\/\/gobernacionaltaverapaz.gob.gt\/index.php?rest_route=\/wp\/v2\/posts\/18905\/revisions\/18907"}],"wp:featuredmedia":[{"embeddable":true,"href":"https:\/\/gobernacionaltaverapaz.gob.gt\/index.php?rest_route=\/wp\/v2\/media\/18906"}],"wp:attachment":[{"href":"https:\/\/gobernacionaltaverapaz.gob.gt\/index.php?rest_route=%2Fwp%2Fv2%2Fmedia&parent=18905"}],"wp:term":[{"taxonomy":"category","embeddable":true,"href":"https:\/\/gobernacionaltaverapaz.gob.gt\/index.php?rest_route=%2Fwp%2Fv2%2Fcategories&post=18905"},{"taxonomy":"post_tag","embeddable":true,"href":"https:\/\/gobernacionaltaverapaz.gob.gt\/index.php?rest_route=%2Fwp%2Fv2%2Ftags&post=18905"}],"curies":[{"name":"wp","href":"https:\/\/api.w.org\/{rel}","templated":true}]}}