{"id":18977,"date":"2024-07-20T18:23:45","date_gmt":"2024-07-21T00:23:45","guid":{"rendered":"https:\/\/gobernacionaltaverapaz.gob.gt\/?p=18977"},"modified":"2024-09-05T09:13:54","modified_gmt":"2024-09-05T15:13:54","slug":"mesa-tecnica-con-el-objetivo-de-darle-viabilidad-al-proyecto-del-puente-entre-san-cristobal-verapaz-y-chicaman-del-quiche","status":"publish","type":"post","link":"https:\/\/gobernacionaltaverapaz.gob.gt\/?p=18977","title":{"rendered":"Mesa t\u00e9cnica con el objetivo de darle viabilidad al proyecto del puente entre San Crist\u00f3bal Verapaz y Chicam\u00e1n del Quich\u00e9"},"content":{"rendered":"<div class=\"html-div xdj266r x11i5rnm xat24cr x1mh8g0r xexx8yu x4uap5 x18d9i69 xkhd6sd\" dir=\"auto\">\n<div id=\":r3nn:\" class=\"x1l90r2v x1pi30zi x1swvt13 x1iorvi4\" data-ad-comet-preview=\"message\" data-ad-preview=\"message\">\n<div class=\"x78zum5 xdt5ytf xz62fqu x16ldp7u\">\n<div class=\"xu06os2 x1ok221b\">\n<div class=\"xdj266r x11i5rnm xat24cr x1mh8g0r x1vvkbs x126k92a\">\n<div dir=\"auto\" style=\"text-align: justify;\">Hoy se llev\u00f3 a cabo una mesa t\u00e9cnica con el objetivo de darle viabilidad al proyecto del puente entre San Crist\u00f3bal Verapaz y Chicam\u00e1n del Quich\u00e9, en la comunidad de Quixalito. En esta reuni\u00f3n participaron:<\/div>\n<\/div>\n<div class=\"x11i5rnm xat24cr x1mh8g0r x1vvkbs xtlvy1s x126k92a\">\n<div dir=\"auto\" style=\"text-align: justify;\">&#8211; La Gobernadora de Alta Verapaz<\/div>\n<div dir=\"auto\" style=\"text-align: justify;\">&#8211; El Gobernador de Quich\u00e9<\/div>\n<div dir=\"auto\" style=\"text-align: justify;\">&#8211; Los alcaldes de Raxruh\u00e1 y Panz\u00f3s<\/div>\n<div dir=\"auto\" style=\"text-align: justify;\">&#8211; La Corporaci\u00f3n Municipal de San Crist\u00f3bal Verapaz<\/div>\n<div dir=\"auto\" style=\"text-align: justify;\">&#8211; El Alcalde Municipal de San Crist\u00f3bal Verapaz<\/div>\n<\/div>\n<\/div>\n<\/div>\n<\/div>\n<\/div>\n<p>&nbsp;<\/p>\n<p>&nbsp;<\/p>\n<div><\/div>\n<p>&nbsp;<\/p>\n","protected":false},"excerpt":{"rendered":"<p>Hoy se llev\u00f3 a cabo una mesa t\u00e9cnica con el objetivo de darle viabilidad al proyecto del puente entre San Crist\u00f3bal Verapaz y Chicam\u00e1n del Quich\u00e9, en la comunidad de Quixalito. En esta reuni\u00f3n participaron: &#8211; La Gobernadora de Alta Verapaz &#8211; El Gobernador de Quich\u00e9 &#8211; Los alcaldes de Raxruh\u00e1 y Panz\u00f3s &#8211; La [&hellip;]<\/p>\n","protected":false},"author":1,"featured_media":18978,"comment_status":"closed","ping_status":"open","sticky":false,"template":"","format":"gallery","meta":[],"categories":[183],"tags":[178],"_links":{"self":[{"href":"https:\/\/gobernacionaltaverapaz.gob.gt\/index.php?rest_route=\/wp\/v2\/posts\/18977"}],"collection":[{"href":"https:\/\/gobernacionaltaverapaz.gob.gt\/index.php?rest_route=\/wp\/v2\/posts"}],"about":[{"href":"https:\/\/gobernacionaltaverapaz.gob.gt\/index.php?rest_route=\/wp\/v2\/types\/post"}],"author":[{"embeddable":true,"href":"https:\/\/gobernacionaltaverapaz.gob.gt\/index.php?rest_route=\/wp\/v2\/users\/1"}],"replies":[{"embeddable":true,"href":"https:\/\/gobernacionaltaverapaz.gob.gt\/index.php?rest_route=%2Fwp%2Fv2%2Fcomments&post=18977"}],"version-history":[{"count":1,"href":"https:\/\/gobernacionaltaverapaz.gob.gt\/index.php?rest_route=\/wp\/v2\/posts\/18977\/revisions"}],"predecessor-version":[{"id":18979,"href":"https:\/\/gobernacionaltaverapaz.gob.gt\/index.php?rest_route=\/wp\/v2\/posts\/18977\/revisions\/18979"}],"wp:featuredmedia":[{"embeddable":true,"href":"https:\/\/gobernacionaltaverapaz.gob.gt\/index.php?rest_route=\/wp\/v2\/media\/18978"}],"wp:attachment":[{"href":"https:\/\/gobernacionaltaverapaz.gob.gt\/index.php?rest_route=%2Fwp%2Fv2%2Fmedia&parent=18977"}],"wp:term":[{"taxonomy":"category","embeddable":true,"href":"https:\/\/gobernacionaltaverapaz.gob.gt\/index.php?rest_route=%2Fwp%2Fv2%2Fcategories&post=18977"},{"taxonomy":"post_tag","embeddable":true,"href":"https:\/\/gobernacionaltaverapaz.gob.gt\/index.php?rest_route=%2Fwp%2Fv2%2Ftags&post=18977"}],"curies":[{"name":"wp","href":"https:\/\/api.w.org\/{rel}","templated":true}]}}