{"id":19062,"date":"2024-07-24T13:12:57","date_gmt":"2024-07-24T19:12:57","guid":{"rendered":"https:\/\/gobernacionaltaverapaz.gob.gt\/?p=19062"},"modified":"2024-09-05T10:35:16","modified_gmt":"2024-09-05T16:35:16","slug":"se-realizo-la-iii-reunion-ordinaria-plataforma-territorial-de-dialogo","status":"publish","type":"post","link":"https:\/\/gobernacionaltaverapaz.gob.gt\/?p=19062","title":{"rendered":"Se realiz\u00f3 la III Reuni\u00f3n Ordinaria Plataforma Territorial de Di\u00e1logo"},"content":{"rendered":"<div class=\"xdj266r x11i5rnm xat24cr x1mh8g0r x1vvkbs x126k92a\">\n<div dir=\"auto\" style=\"text-align: justify;\">Durante el martes 23 y mi\u00e9rcoles 24 de julio de 2024 se realiz\u00f3 la III Reuni\u00f3n Ordinaria Plataforma Territorial de Di\u00e1logo en Gesti\u00f3n para la Reducci\u00f3n de riesgo a Desastres, Regi\u00f3n II, Norte. En la misma participaron autoridades del Ejecutivo con presencia en Alta y Baja Verapaz, as\u00ed como municipalidades y organizaciones no gubernamentales.<\/div>\n<\/div>\n<div class=\"x11i5rnm xat24cr x1mh8g0r x1vvkbs xtlvy1s x126k92a\" style=\"text-align: justify;\">\n<div dir=\"auto\">La actividad estuvo a cargo de los delegados regionales y departamentales de la Secretar\u00eda Ejecutiva Coordinadora Nacional para la Reducci\u00f3n de Desastres, estuvo presente la Sea. Irasema Dilian Maga\u00f1a Mu\u00f1oz, Directora de Gesti\u00f3n Integral de Reducci\u00f3n de Riesgos y Desastres de la SE-CONRED.<\/div>\n<\/div>\n<div class=\"x11i5rnm xat24cr x1mh8g0r x1vvkbs xtlvy1s x126k92a\">\n<div dir=\"auto\" style=\"text-align: justify;\">Los conversatorios, talleres grupales, conferencias virtuales y conclusiones alrededor de los temas de Resiliencia en la Reducci\u00f3n del Riesgo, as\u00ed como los Avances de proyectos como la implementaci\u00f3n de Sistemas de Alerta Temprana de Inundaciones y deslizamientos sobra la cuenca del R\u00edo Cahab\u00f3n, fueron abordados en esta importante reuni\u00f3n de dos d\u00edas.<\/div>\n<\/div>\n<p>&nbsp;<\/p>\n<div><\/div>\n<p>&nbsp;<\/p>\n","protected":false},"excerpt":{"rendered":"<p>Durante el martes 23 y mi\u00e9rcoles 24 de julio de 2024 se realiz\u00f3 la III Reuni\u00f3n Ordinaria Plataforma Territorial de Di\u00e1logo en Gesti\u00f3n para la Reducci\u00f3n de riesgo a Desastres, Regi\u00f3n II, Norte. En la misma participaron autoridades del Ejecutivo con presencia en Alta y Baja Verapaz, as\u00ed como municipalidades y organizaciones no gubernamentales. La [&hellip;]<\/p>\n","protected":false},"author":1,"featured_media":19063,"comment_status":"closed","ping_status":"open","sticky":false,"template":"","format":"standard","meta":[],"categories":[183],"tags":[178],"_links":{"self":[{"href":"https:\/\/gobernacionaltaverapaz.gob.gt\/index.php?rest_route=\/wp\/v2\/posts\/19062"}],"collection":[{"href":"https:\/\/gobernacionaltaverapaz.gob.gt\/index.php?rest_route=\/wp\/v2\/posts"}],"about":[{"href":"https:\/\/gobernacionaltaverapaz.gob.gt\/index.php?rest_route=\/wp\/v2\/types\/post"}],"author":[{"embeddable":true,"href":"https:\/\/gobernacionaltaverapaz.gob.gt\/index.php?rest_route=\/wp\/v2\/users\/1"}],"replies":[{"embeddable":true,"href":"https:\/\/gobernacionaltaverapaz.gob.gt\/index.php?rest_route=%2Fwp%2Fv2%2Fcomments&post=19062"}],"version-history":[{"count":1,"href":"https:\/\/gobernacionaltaverapaz.gob.gt\/index.php?rest_route=\/wp\/v2\/posts\/19062\/revisions"}],"predecessor-version":[{"id":19064,"href":"https:\/\/gobernacionaltaverapaz.gob.gt\/index.php?rest_route=\/wp\/v2\/posts\/19062\/revisions\/19064"}],"wp:featuredmedia":[{"embeddable":true,"href":"https:\/\/gobernacionaltaverapaz.gob.gt\/index.php?rest_route=\/wp\/v2\/media\/19063"}],"wp:attachment":[{"href":"https:\/\/gobernacionaltaverapaz.gob.gt\/index.php?rest_route=%2Fwp%2Fv2%2Fmedia&parent=19062"}],"wp:term":[{"taxonomy":"category","embeddable":true,"href":"https:\/\/gobernacionaltaverapaz.gob.gt\/index.php?rest_route=%2Fwp%2Fv2%2Fcategories&post=19062"},{"taxonomy":"post_tag","embeddable":true,"href":"https:\/\/gobernacionaltaverapaz.gob.gt\/index.php?rest_route=%2Fwp%2Fv2%2Ftags&post=19062"}],"curies":[{"name":"wp","href":"https:\/\/api.w.org\/{rel}","templated":true}]}}