{"id":19089,"date":"2024-07-25T11:30:50","date_gmt":"2024-07-25T17:30:50","guid":{"rendered":"https:\/\/gobernacionaltaverapaz.gob.gt\/?p=19089"},"modified":"2024-09-05T10:52:29","modified_gmt":"2024-09-05T16:52:29","slug":"se-realizo-el-foro-publico-retos-y-oportunidades-en-la-proteccion-de-los-derechos-laborales-en-el-sector-palmero-guatemalteco","status":"publish","type":"post","link":"https:\/\/gobernacionaltaverapaz.gob.gt\/?p=19089","title":{"rendered":"Se realiz\u00f3 el Foro P\u00fablico \u201cRetos y Oportunidades en la Protecci\u00f3n de los Derechos Laborales en el Sector Palmero Guatemalteco\u201d"},"content":{"rendered":"<div class=\"xdj266r x11i5rnm xat24cr x1mh8g0r x1vvkbs x126k92a\">\n<div dir=\"auto\" style=\"text-align: justify;\">El mi\u00e9rcoles 24 de julio de 2024 se realiz\u00f3 el Foro P\u00fablico \u201cRetos y Oportunidades en la Protecci\u00f3n de los Derechos Laborales en el Sector Palmero Guatemalteco\u201d en el Sal\u00f3n de Las Am\u00e9ricas del Palacio de Gobernaci\u00f3n Departamental de Alta Verapaz.<\/div>\n<\/div>\n<div class=\"x11i5rnm xat24cr x1mh8g0r x1vvkbs xtlvy1s x126k92a\" style=\"text-align: justify;\">\n<div dir=\"auto\">El evento permiti\u00f3 dialogar con representantes del sector estatal, trabajadores y acad\u00e9micos, para desarrollar propuestas que mejoren las condiciones de los trabajadores agr\u00edcolas en el sector palmero de la zona norte de Guatemala.<\/div>\n<\/div>\n<div class=\"x11i5rnm xat24cr x1mh8g0r x1vvkbs xtlvy1s x126k92a\" style=\"text-align: justify;\">\n<div dir=\"auto\">En el Foro participaron Damarys Oliva Viceministra de Administraci\u00f3n de Trabajo -MINTRAB-; la diputada Sonia Gutierrez Raguay, presidenta de la Comisi\u00f3n de Trabajo del Congreso de la Rep\u00fablica de Guatemala, Dilia Margarita C\u00f3 Coy, Gobernadora Departamental de Alta Verapaz; Helmer Vel\u00e1squez, Consultor; Enrique Naveda de Oxfam en Guatemala y Manuel P\u00e9rez de Consejo Nacional de Desplazados de Guatemala -CONDEG-<\/div>\n<\/div>\n<div class=\"x11i5rnm xat24cr x1mh8g0r x1vvkbs xtlvy1s x126k92a\" style=\"text-align: justify;\">\n<div dir=\"auto\">De acuerdo a las Estad\u00edsticas Socioecon\u00f3micas al a\u00f1o 2021 de la Gremial de Palmicultores de Guatemala, en Alta Verapaz hab\u00edan m\u00e1s de 180,000 hect\u00e1reas de Palma de Aceite, equivalente al 10.94% del \u00e1rea de cultivo en el pa\u00eds.<\/div>\n<\/div>\n<div class=\"x11i5rnm xat24cr x1mh8g0r x1vvkbs xtlvy1s x126k92a\">\n<div dir=\"auto\" style=\"text-align: justify;\">Desde 2016, el Fondo de las Naciones Unidas para la Esclavitud ha otorgado subvenciones para proyectos implementaos por CONDEG Consejo Nacional de Desplazados de Guatemala, una organizaci\u00f3n creada en 1989 por representantes de pueblos ind\u00edgenas desplazados por el conflicto armado. CONDEG combate la pr\u00e1ctica del trabajo forzoso, una forma contempor\u00e1nea de esclavitud, en las plantaciones de aceite de palma, presta servicios a los trabajadores afectados por la pr\u00e1ctica y responsabiliza a la industria que hace uso de trabajo forzoso.<\/div>\n<\/div>\n<p>&nbsp;<\/p>\n<p>&nbsp;<\/p>\n<p>&nbsp;<\/p>\n<p>&nbsp;<\/p>\n<div><\/div>\n<p>&nbsp;<\/p>\n","protected":false},"excerpt":{"rendered":"<p>El mi\u00e9rcoles 24 de julio de 2024 se realiz\u00f3 el Foro P\u00fablico \u201cRetos y Oportunidades en la Protecci\u00f3n de los Derechos Laborales en el Sector Palmero Guatemalteco\u201d en el Sal\u00f3n de Las Am\u00e9ricas del Palacio de Gobernaci\u00f3n Departamental de Alta Verapaz. El evento permiti\u00f3 dialogar con representantes del sector estatal, trabajadores y acad\u00e9micos, para desarrollar [&hellip;]<\/p>\n","protected":false},"author":1,"featured_media":19090,"comment_status":"closed","ping_status":"open","sticky":false,"template":"","format":"standard","meta":[],"categories":[183],"tags":[178],"_links":{"self":[{"href":"https:\/\/gobernacionaltaverapaz.gob.gt\/index.php?rest_route=\/wp\/v2\/posts\/19089"}],"collection":[{"href":"https:\/\/gobernacionaltaverapaz.gob.gt\/index.php?rest_route=\/wp\/v2\/posts"}],"about":[{"href":"https:\/\/gobernacionaltaverapaz.gob.gt\/index.php?rest_route=\/wp\/v2\/types\/post"}],"author":[{"embeddable":true,"href":"https:\/\/gobernacionaltaverapaz.gob.gt\/index.php?rest_route=\/wp\/v2\/users\/1"}],"replies":[{"embeddable":true,"href":"https:\/\/gobernacionaltaverapaz.gob.gt\/index.php?rest_route=%2Fwp%2Fv2%2Fcomments&post=19089"}],"version-history":[{"count":1,"href":"https:\/\/gobernacionaltaverapaz.gob.gt\/index.php?rest_route=\/wp\/v2\/posts\/19089\/revisions"}],"predecessor-version":[{"id":19091,"href":"https:\/\/gobernacionaltaverapaz.gob.gt\/index.php?rest_route=\/wp\/v2\/posts\/19089\/revisions\/19091"}],"wp:featuredmedia":[{"embeddable":true,"href":"https:\/\/gobernacionaltaverapaz.gob.gt\/index.php?rest_route=\/wp\/v2\/media\/19090"}],"wp:attachment":[{"href":"https:\/\/gobernacionaltaverapaz.gob.gt\/index.php?rest_route=%2Fwp%2Fv2%2Fmedia&parent=19089"}],"wp:term":[{"taxonomy":"category","embeddable":true,"href":"https:\/\/gobernacionaltaverapaz.gob.gt\/index.php?rest_route=%2Fwp%2Fv2%2Fcategories&post=19089"},{"taxonomy":"post_tag","embeddable":true,"href":"https:\/\/gobernacionaltaverapaz.gob.gt\/index.php?rest_route=%2Fwp%2Fv2%2Ftags&post=19089"}],"curies":[{"name":"wp","href":"https:\/\/api.w.org\/{rel}","templated":true}]}}