{"id":19159,"date":"2024-07-29T08:05:46","date_gmt":"2024-07-29T14:05:46","guid":{"rendered":"https:\/\/gobernacionaltaverapaz.gob.gt\/?p=19159"},"modified":"2024-09-05T11:45:55","modified_gmt":"2024-09-05T17:45:55","slug":"primera-reunion-de-planificacion","status":"publish","type":"post","link":"https:\/\/gobernacionaltaverapaz.gob.gt\/?p=19159","title":{"rendered":"Primera reuni\u00f3n de planificaci\u00f3n"},"content":{"rendered":"<div class=\"html-div xdj266r x11i5rnm xat24cr x1mh8g0r xexx8yu x4uap5 x18d9i69 xkhd6sd\" dir=\"auto\">\n<div id=\":r2pq:\" class=\"x1l90r2v x1pi30zi x1swvt13 x1iorvi4\" data-ad-comet-preview=\"message\" data-ad-preview=\"message\">\n<div class=\"x78zum5 xdt5ytf xz62fqu x16ldp7u\">\n<div class=\"xu06os2 x1ok221b\">\n<div class=\"xdj266r x11i5rnm xat24cr x1mh8g0r x1vvkbs x126k92a\">\n<div dir=\"auto\" style=\"text-align: justify;\">Luego de una primera reuni\u00f3n de planificaci\u00f3n realizada el pasado mi\u00e9rcoles 24 de julio<\/div>\n<div dir=\"auto\" style=\"text-align: justify;\"><span class=\"html-span xdj266r x11i5rnm xat24cr x1mh8g0r xexx8yu x4uap5 x18d9i69 xkhd6sd x1hl2dhg x16tdsg8 x1vvkbs\"><a class=\"x1i10hfl xjbqb8w x1ejq31n xd10rxx x1sy0etr x17r0tee x972fbf xcfux6l x1qhh985 xm0m39n x9f619 x1ypdohk xt0psk2 xe8uvvx xdj266r x11i5rnm xat24cr x1mh8g0r xexx8yu x4uap5 x18d9i69 xkhd6sd x16tdsg8 x1hl2dhg xggy1nq x1a2a7pz x1sur9pj xkrqix3 xzsf02u x1s688f\" tabindex=\"0\" role=\"link\" href=\"https:\/\/www.facebook.com\/GobernacionAV\/posts\/pfbid0WeH96bS4CPnCnUmd1uhy1XJDSV934dw4Xi9EQVwQg7F4a1R26m6iaZN6boQZCWMRl?__cft__[0]=AZW7Pqf-X3SayGzIhqhQIJhQcXOoGXvsCrDGay66rYLEzx3naiKaO07vfOlgUMhiBKGL2IvZ-K3fqbb8kbI_t3GyYg2JS4dGYRUOzZdQOi6F6Du69K890oMCLXhqqgQTQSk8p5HZ7u1G9FFuVwisHwuN9O_jSp7p97ergyAZ8mNiTNZhvOgKL09hQqWcsc0cSLtdBv0l5ldxlj0EQVFN0XI8&amp;__tn__=-UK-R\">https:\/\/www.facebook.com\/share\/p\/2Libu97fwh43gGWU\/<\/a><\/span><\/div>\n<div dir=\"auto\" style=\"text-align: justify;\">la SE-CONRED bajo la direcci\u00f3n de la gobernadora Dilia Margarita C\u00f3 Coy logr\u00f3 coordinar y accionar con la mayor\u00eda de los cuerpos de Socorro y Rescate con presencia en el Departamento de Alta Verapaz, entre ellos el varias Compa\u00f1\u00edas del Cuerpo Voluntario de Bomberos, la Cruz Roja Guatemalteca y la Asociaci\u00f3n de Bomberos Municipales Departamentales y la Emergencia del Hospital Regional de Cob\u00e1n.<\/div>\n<\/div>\n<div class=\"x11i5rnm xat24cr x1mh8g0r x1vvkbs xtlvy1s x126k92a\" style=\"text-align: justify;\">\n<div dir=\"auto\">El prop\u00f3sito de estas reuniones interinstitucionales es fortalecer las capacidades, conocer el inventario de activos que cada cuerpo de socorro posee y actualizarse en los protocolos del Sistema de Coordinaci\u00f3n de Incidencias -SCI- para que en caso de eventos masivos que requieran su atenci\u00f3, tengan una coordinaci\u00f3n articulada y ordenada, para de esta forma mejorar el servicio a la poblaci\u00f3n.<\/div>\n<\/div>\n<div class=\"x11i5rnm xat24cr x1mh8g0r x1vvkbs xtlvy1s x126k92a\">\n<div dir=\"auto\" style=\"text-align: justify;\">En una pr\u00f3xima publicaci\u00f3n compartiremos una infograf\u00eda con todos los detalles del Estado de Fuerza de los cuerpos de socorro que tienen presencia en Alta Verapaz.<\/div>\n<div dir=\"auto\"><\/div>\n<\/div>\n<div class=\"x11i5rnm xat24cr x1mh8g0r x1vvkbs xtlvy1s x126k92a\">\n<div dir=\"auto\">Cob\u00e1n, Viernes 26\/Julio\/2024<\/div>\n<\/div>\n<div class=\"x11i5rnm xat24cr x1mh8g0r x1vvkbs xtlvy1s x126k92a\">\n<div dir=\"auto\"><span class=\"html-span xdj266r x11i5rnm xat24cr x1mh8g0r xexx8yu x4uap5 x18d9i69 xkhd6sd x1hl2dhg x16tdsg8 x1vvkbs\"><a class=\"x1i10hfl xjbqb8w x1ejq31n xd10rxx x1sy0etr x17r0tee x972fbf xcfux6l x1qhh985 xm0m39n x9f619 x1ypdohk xt0psk2 xe8uvvx xdj266r x11i5rnm xat24cr x1mh8g0r xexx8yu x4uap5 x18d9i69 xkhd6sd x16tdsg8 x1hl2dhg xggy1nq x1a2a7pz x1sur9pj xkrqix3 x1fey0fg xo1l8bm\" tabindex=\"0\" role=\"link\" href=\"https:\/\/www.facebook.com\/hashtag\/guatemalasaleadelante?__eep__=6&amp;__cft__[0]=AZW7Pqf-X3SayGzIhqhQIJhQcXOoGXvsCrDGay66rYLEzx3naiKaO07vfOlgUMhiBKGL2IvZ-K3fqbb8kbI_t3GyYg2JS4dGYRUOzZdQOi6F6Du69K890oMCLXhqqgQTQSk8p5HZ7u1G9FFuVwisHwuN9O_jSp7p97ergyAZ8mNiTNZhvOgKL09hQqWcsc0cSLtdBv0l5ldxlj0EQVFN0XI8&amp;__tn__=*NK-R\">#GuatemalaSaleAdelante<\/a><\/span> <span class=\"html-span xdj266r x11i5rnm xat24cr x1mh8g0r xexx8yu x4uap5 x18d9i69 xkhd6sd x1hl2dhg x16tdsg8 x1vvkbs\"><a class=\"x1i10hfl xjbqb8w x1ejq31n xd10rxx x1sy0etr x17r0tee x972fbf xcfux6l x1qhh985 xm0m39n x9f619 x1ypdohk xt0psk2 xe8uvvx xdj266r x11i5rnm xat24cr x1mh8g0r xexx8yu x4uap5 x18d9i69 xkhd6sd x16tdsg8 x1hl2dhg xggy1nq x1a2a7pz x1sur9pj xkrqix3 x1fey0fg xo1l8bm\" tabindex=\"0\" role=\"link\" href=\"https:\/\/www.facebook.com\/conredgt?__cft__[0]=AZW7Pqf-X3SayGzIhqhQIJhQcXOoGXvsCrDGay66rYLEzx3naiKaO07vfOlgUMhiBKGL2IvZ-K3fqbb8kbI_t3GyYg2JS4dGYRUOzZdQOi6F6Du69K890oMCLXhqqgQTQSk8p5HZ7u1G9FFuVwisHwuN9O_jSp7p97ergyAZ8mNiTNZhvOgKL09hQqWcsc0cSLtdBv0l5ldxlj0EQVFN0XI8&amp;__tn__=-]K-R\"><span class=\"xt0psk2\">Conred<\/span><\/a><\/span> <span class=\"html-span xdj266r x11i5rnm xat24cr x1mh8g0r xexx8yu x4uap5 x18d9i69 xkhd6sd x1hl2dhg x16tdsg8 x1vvkbs\"><a class=\"x1i10hfl xjbqb8w x1ejq31n xd10rxx x1sy0etr x17r0tee x972fbf xcfux6l x1qhh985 xm0m39n x9f619 x1ypdohk xt0psk2 xe8uvvx xdj266r x11i5rnm xat24cr x1mh8g0r xexx8yu x4uap5 x18d9i69 xkhd6sd x16tdsg8 x1hl2dhg xggy1nq x1a2a7pz x1sur9pj xkrqix3 x1fey0fg xo1l8bm\" tabindex=\"0\" role=\"link\" href=\"https:\/\/www.facebook.com\/hashtag\/coedav?__eep__=6&amp;__cft__[0]=AZW7Pqf-X3SayGzIhqhQIJhQcXOoGXvsCrDGay66rYLEzx3naiKaO07vfOlgUMhiBKGL2IvZ-K3fqbb8kbI_t3GyYg2JS4dGYRUOzZdQOi6F6Du69K890oMCLXhqqgQTQSk8p5HZ7u1G9FFuVwisHwuN9O_jSp7p97ergyAZ8mNiTNZhvOgKL09hQqWcsc0cSLtdBv0l5ldxlj0EQVFN0XI8&amp;__tn__=*NK-R\">#COEDAV<\/a><\/span><\/div>\n<\/div>\n<\/div>\n<\/div>\n<\/div>\n<\/div>\n<p>&nbsp;<\/p>\n<p>&nbsp;<\/p>\n<div><\/div>\n<p>&nbsp;<\/p>\n<p>&nbsp;<\/p>\n","protected":false},"excerpt":{"rendered":"<p>Luego de una primera reuni\u00f3n de planificaci\u00f3n realizada el pasado mi\u00e9rcoles 24 de julio https:\/\/www.facebook.com\/share\/p\/2Libu97fwh43gGWU\/ la SE-CONRED bajo la direcci\u00f3n de la gobernadora Dilia Margarita C\u00f3 Coy logr\u00f3 coordinar y accionar con la mayor\u00eda de los cuerpos de Socorro y Rescate con presencia en el Departamento de Alta Verapaz, entre ellos el varias Compa\u00f1\u00edas del [&hellip;]<\/p>\n","protected":false},"author":1,"featured_media":19151,"comment_status":"closed","ping_status":"open","sticky":false,"template":"","format":"standard","meta":[],"categories":[183],"tags":[178],"_links":{"self":[{"href":"https:\/\/gobernacionaltaverapaz.gob.gt\/index.php?rest_route=\/wp\/v2\/posts\/19159"}],"collection":[{"href":"https:\/\/gobernacionaltaverapaz.gob.gt\/index.php?rest_route=\/wp\/v2\/posts"}],"about":[{"href":"https:\/\/gobernacionaltaverapaz.gob.gt\/index.php?rest_route=\/wp\/v2\/types\/post"}],"author":[{"embeddable":true,"href":"https:\/\/gobernacionaltaverapaz.gob.gt\/index.php?rest_route=\/wp\/v2\/users\/1"}],"replies":[{"embeddable":true,"href":"https:\/\/gobernacionaltaverapaz.gob.gt\/index.php?rest_route=%2Fwp%2Fv2%2Fcomments&post=19159"}],"version-history":[{"count":1,"href":"https:\/\/gobernacionaltaverapaz.gob.gt\/index.php?rest_route=\/wp\/v2\/posts\/19159\/revisions"}],"predecessor-version":[{"id":19160,"href":"https:\/\/gobernacionaltaverapaz.gob.gt\/index.php?rest_route=\/wp\/v2\/posts\/19159\/revisions\/19160"}],"wp:featuredmedia":[{"embeddable":true,"href":"https:\/\/gobernacionaltaverapaz.gob.gt\/index.php?rest_route=\/wp\/v2\/media\/19151"}],"wp:attachment":[{"href":"https:\/\/gobernacionaltaverapaz.gob.gt\/index.php?rest_route=%2Fwp%2Fv2%2Fmedia&parent=19159"}],"wp:term":[{"taxonomy":"category","embeddable":true,"href":"https:\/\/gobernacionaltaverapaz.gob.gt\/index.php?rest_route=%2Fwp%2Fv2%2Fcategories&post=19159"},{"taxonomy":"post_tag","embeddable":true,"href":"https:\/\/gobernacionaltaverapaz.gob.gt\/index.php?rest_route=%2Fwp%2Fv2%2Ftags&post=19159"}],"curies":[{"name":"wp","href":"https:\/\/api.w.org\/{rel}","templated":true}]}}