{"id":19165,"date":"2024-07-29T08:26:09","date_gmt":"2024-07-29T14:26:09","guid":{"rendered":"https:\/\/gobernacionaltaverapaz.gob.gt\/?p=19165"},"modified":"2024-09-05T11:51:52","modified_gmt":"2024-09-05T17:51:52","slug":"festival-folklorico-nacional-en-coban","status":"publish","type":"post","link":"https:\/\/gobernacionaltaverapaz.gob.gt\/?p=19165","title":{"rendered":"Festival Folkl\u00f3rico Nacional en Cob\u00e1n"},"content":{"rendered":"<div class=\"html-div xdj266r x11i5rnm xat24cr x1mh8g0r xexx8yu x4uap5 x18d9i69 xkhd6sd\" dir=\"auto\">\n<div id=\":r2p3:\" class=\"x1l90r2v x1pi30zi x1swvt13 x1iorvi4\" data-ad-comet-preview=\"message\" data-ad-preview=\"message\">\n<div class=\"x78zum5 xdt5ytf xz62fqu x16ldp7u\">\n<div class=\"xu06os2 x1ok221b\">\n<div class=\"xdj266r x11i5rnm xat24cr x1mh8g0r x1vvkbs x126k92a\">\n<div dir=\"auto\" style=\"text-align: justify;\">La gobernadora Dilia Margarita C\u00f3 Coy fue Invitada de Honor en la noche de proclamaci\u00f3n de la Reina Ind\u00edgena Nacional &#8220;Rab\u00edn Ajaw&#8221; 2024-2025 durante el 56o. Festival Folkl\u00f3rico Nacional en Cob\u00e1n, Alta Verapaz.<\/div>\n<\/div>\n<div class=\"x11i5rnm xat24cr x1mh8g0r x1vvkbs xtlvy1s x126k92a\" style=\"text-align: justify;\">\n<div dir=\"auto\">En dicho evento result\u00f3 electa la se\u00f1orita Arly Paola Cholot\u00edo V\u00e1squez, entre las 113 participantes del evento, quienes promueven el desarrollo cultural y nacional, preservando y celebrando la identidad de los pueblos originarios.<\/div>\n<\/div>\n<div class=\"x11i5rnm xat24cr x1mh8g0r x1vvkbs xtlvy1s x126k92a\">\n<div dir=\"auto\" style=\"text-align: justify;\">Al valorar y disfrutar de nuestra riqueza multicultural, la <span class=\"html-span xdj266r x11i5rnm xat24cr x1mh8g0r xexx8yu x4uap5 x18d9i69 xkhd6sd x1hl2dhg x16tdsg8 x1vvkbs\"><a class=\"x1i10hfl xjbqb8w x1ejq31n xd10rxx x1sy0etr x17r0tee x972fbf xcfux6l x1qhh985 xm0m39n x9f619 x1ypdohk xt0psk2 xe8uvvx xdj266r x11i5rnm xat24cr x1mh8g0r xexx8yu x4uap5 x18d9i69 xkhd6sd x16tdsg8 x1hl2dhg xggy1nq x1a2a7pz x1sur9pj xkrqix3 x1fey0fg xo1l8bm\" tabindex=\"0\" role=\"link\" href=\"https:\/\/www.facebook.com\/hashtag\/culturasaleadelante?__eep__=6&amp;__cft__[0]=AZXslEN6LeoNZPY4qBWPo3LjqBpQsolf6tZGpbYtTWQRFuZiU7jObq-2Kd7iAYs4tzE1EX0FCoXPiiuyB-KOZycpQv3mCy9C2YP6NK9AfkNfdFySA7RwPY4FoYsIYA1vJYYzpbBsqWoax404miOBhReYeRUi7E7WuaEZIo_XPKHlg_veYRDsyLqaO2I-XbrAhP6oxDjG9Dlglv5o9qrAoOGi&amp;__tn__=*NK-R\">#CulturaSaleAdelante<\/a><\/span>.<\/div>\n<\/div>\n<\/div>\n<\/div>\n<\/div>\n<\/div>\n<p>&nbsp;<\/p>\n<p>&nbsp;<\/p>\n<div><\/div>\n","protected":false},"excerpt":{"rendered":"<p>La gobernadora Dilia Margarita C\u00f3 Coy fue Invitada de Honor en la noche de proclamaci\u00f3n de la Reina Ind\u00edgena Nacional &#8220;Rab\u00edn Ajaw&#8221; 2024-2025 durante el 56o. Festival Folkl\u00f3rico Nacional en Cob\u00e1n, Alta Verapaz. En dicho evento result\u00f3 electa la se\u00f1orita Arly Paola Cholot\u00edo V\u00e1squez, entre las 113 participantes del evento, quienes promueven el desarrollo cultural [&hellip;]<\/p>\n","protected":false},"author":1,"featured_media":19166,"comment_status":"closed","ping_status":"open","sticky":false,"template":"","format":"standard","meta":[],"categories":[183],"tags":[178],"_links":{"self":[{"href":"https:\/\/gobernacionaltaverapaz.gob.gt\/index.php?rest_route=\/wp\/v2\/posts\/19165"}],"collection":[{"href":"https:\/\/gobernacionaltaverapaz.gob.gt\/index.php?rest_route=\/wp\/v2\/posts"}],"about":[{"href":"https:\/\/gobernacionaltaverapaz.gob.gt\/index.php?rest_route=\/wp\/v2\/types\/post"}],"author":[{"embeddable":true,"href":"https:\/\/gobernacionaltaverapaz.gob.gt\/index.php?rest_route=\/wp\/v2\/users\/1"}],"replies":[{"embeddable":true,"href":"https:\/\/gobernacionaltaverapaz.gob.gt\/index.php?rest_route=%2Fwp%2Fv2%2Fcomments&post=19165"}],"version-history":[{"count":1,"href":"https:\/\/gobernacionaltaverapaz.gob.gt\/index.php?rest_route=\/wp\/v2\/posts\/19165\/revisions"}],"predecessor-version":[{"id":19167,"href":"https:\/\/gobernacionaltaverapaz.gob.gt\/index.php?rest_route=\/wp\/v2\/posts\/19165\/revisions\/19167"}],"wp:featuredmedia":[{"embeddable":true,"href":"https:\/\/gobernacionaltaverapaz.gob.gt\/index.php?rest_route=\/wp\/v2\/media\/19166"}],"wp:attachment":[{"href":"https:\/\/gobernacionaltaverapaz.gob.gt\/index.php?rest_route=%2Fwp%2Fv2%2Fmedia&parent=19165"}],"wp:term":[{"taxonomy":"category","embeddable":true,"href":"https:\/\/gobernacionaltaverapaz.gob.gt\/index.php?rest_route=%2Fwp%2Fv2%2Fcategories&post=19165"},{"taxonomy":"post_tag","embeddable":true,"href":"https:\/\/gobernacionaltaverapaz.gob.gt\/index.php?rest_route=%2Fwp%2Fv2%2Ftags&post=19165"}],"curies":[{"name":"wp","href":"https:\/\/api.w.org\/{rel}","templated":true}]}}