{"id":19171,"date":"2024-07-29T11:00:40","date_gmt":"2024-07-29T17:00:40","guid":{"rendered":"https:\/\/gobernacionaltaverapaz.gob.gt\/?p=19171"},"modified":"2024-09-05T11:57:52","modified_gmt":"2024-09-05T17:57:52","slug":"la-gobernadora-dilia-margarita-co-coy-designo-a-tres-docentes-del-departamento-para-conformar-la-terna-evaluadora","status":"publish","type":"post","link":"https:\/\/gobernacionaltaverapaz.gob.gt\/?p=19171","title":{"rendered":"La gobernadora Dilia Margarita C\u00f3 Coy design\u00f3 a tres docentes del departamento para conformar la terna evaluadora"},"content":{"rendered":"<div class=\"xdj266r x11i5rnm xat24cr x1mh8g0r x1vvkbs x126k92a\">\n<div dir=\"auto\" style=\"text-align: justify;\">La gobernadora Dilia Margarita C\u00f3 Coy design\u00f3 a tres docentes del departamento para conformar la terna evaluadora que tuvo a bien examinar a tres personas extranjeras que est\u00e1n en el proceso de naturalizaci\u00f3n en el departamento de Alta Verapaz.<\/div>\n<\/div>\n<div class=\"x11i5rnm xat24cr x1mh8g0r x1vvkbs xtlvy1s x126k92a\" style=\"text-align: justify;\">\n<div dir=\"auto\">Quien desee optar por la nacionalidad guatemalteca deber\u00e1 someterse a un examen del idioma espa\u00f1ol y de instrucci\u00f3n c\u00edvica. Para este efecto el Gobernador Departamental designar\u00e1 un tribunal examinador compuesto por tres maestros.<\/div>\n<\/div>\n<div class=\"x11i5rnm xat24cr x1mh8g0r x1vvkbs xtlvy1s x126k92a\" style=\"text-align: justify;\">\n<div dir=\"auto\">El examen del idioma ser\u00e1 de car\u00e1cter pr\u00e1ctico, a fin de establecer si la persona entiende, habla, y escribe el espa\u00f1ol; y el de instrucci\u00f3n c\u00edvica versar\u00e1 sobre geograf\u00eda e historia elementales de Centroam\u00e9rica y conocimiento general de la Constituci\u00f3n de la Rep\u00fablica de Guatemala.<\/div>\n<\/div>\n<div class=\"x11i5rnm xat24cr x1mh8g0r x1vvkbs xtlvy1s x126k92a\" style=\"text-align: justify;\">\n<div dir=\"auto\">Posteriormente el expediente es remitido al Ministerio de Relaciones, quien evaluar\u00e1 la informaci\u00f3n y elevar\u00e1 el expediente, con informe y opini\u00f3n a la Procuradur\u00eda General de la Naci\u00f3n, quien emite un dictamen, luego el expediente es trasladado a la Secretar\u00eda General de la Presidencia donde el presidente de la Rep\u00fablica, decidir\u00e1 si se emite o no el acuerdo en que se disponga conceder la nacionalidad.<\/div>\n<\/div>\n<div class=\"x11i5rnm xat24cr x1mh8g0r x1vvkbs xtlvy1s x126k92a\">\n<div dir=\"auto\" style=\"text-align: justify;\">De ser aprobado, se emite un Acuerdo Gubernativo, pero este no acredita la nacionalidad, sino hasta la celebraci\u00f3n de la ceremonia en la que se toma el juramento de renuncia a su nacionalidad, ya que Guatemala \u00fanicamente acepta una nacionalidad.<\/div>\n<\/div>\n<p>&nbsp;<\/p>\n<div><\/div>\n","protected":false},"excerpt":{"rendered":"<p>La gobernadora Dilia Margarita C\u00f3 Coy design\u00f3 a tres docentes del departamento para conformar la terna evaluadora que tuvo a bien examinar a tres personas extranjeras que est\u00e1n en el proceso de naturalizaci\u00f3n en el departamento de Alta Verapaz. Quien desee optar por la nacionalidad guatemalteca deber\u00e1 someterse a un examen del idioma espa\u00f1ol y [&hellip;]<\/p>\n","protected":false},"author":1,"featured_media":19172,"comment_status":"closed","ping_status":"open","sticky":false,"template":"","format":"standard","meta":[],"categories":[183],"tags":[178],"_links":{"self":[{"href":"https:\/\/gobernacionaltaverapaz.gob.gt\/index.php?rest_route=\/wp\/v2\/posts\/19171"}],"collection":[{"href":"https:\/\/gobernacionaltaverapaz.gob.gt\/index.php?rest_route=\/wp\/v2\/posts"}],"about":[{"href":"https:\/\/gobernacionaltaverapaz.gob.gt\/index.php?rest_route=\/wp\/v2\/types\/post"}],"author":[{"embeddable":true,"href":"https:\/\/gobernacionaltaverapaz.gob.gt\/index.php?rest_route=\/wp\/v2\/users\/1"}],"replies":[{"embeddable":true,"href":"https:\/\/gobernacionaltaverapaz.gob.gt\/index.php?rest_route=%2Fwp%2Fv2%2Fcomments&post=19171"}],"version-history":[{"count":1,"href":"https:\/\/gobernacionaltaverapaz.gob.gt\/index.php?rest_route=\/wp\/v2\/posts\/19171\/revisions"}],"predecessor-version":[{"id":19173,"href":"https:\/\/gobernacionaltaverapaz.gob.gt\/index.php?rest_route=\/wp\/v2\/posts\/19171\/revisions\/19173"}],"wp:featuredmedia":[{"embeddable":true,"href":"https:\/\/gobernacionaltaverapaz.gob.gt\/index.php?rest_route=\/wp\/v2\/media\/19172"}],"wp:attachment":[{"href":"https:\/\/gobernacionaltaverapaz.gob.gt\/index.php?rest_route=%2Fwp%2Fv2%2Fmedia&parent=19171"}],"wp:term":[{"taxonomy":"category","embeddable":true,"href":"https:\/\/gobernacionaltaverapaz.gob.gt\/index.php?rest_route=%2Fwp%2Fv2%2Fcategories&post=19171"},{"taxonomy":"post_tag","embeddable":true,"href":"https:\/\/gobernacionaltaverapaz.gob.gt\/index.php?rest_route=%2Fwp%2Fv2%2Ftags&post=19171"}],"curies":[{"name":"wp","href":"https:\/\/api.w.org\/{rel}","templated":true}]}}