{"id":19248,"date":"2024-07-31T08:04:26","date_gmt":"2024-07-31T14:04:26","guid":{"rendered":"https:\/\/gobernacionaltaverapaz.gob.gt\/?p=19248"},"modified":"2024-09-05T13:02:01","modified_gmt":"2024-09-05T19:02:01","slug":"la-gobernadora-dilia-margarita-co-coy-en-su-rol-de-presidente-del-codedeav-acompanada-por-el-secretario-general-de-segeplan","status":"publish","type":"post","link":"https:\/\/gobernacionaltaverapaz.gob.gt\/?p=19248","title":{"rendered":"La gobernadora Dilia Margarita C\u00f3 Coy en su rol de Presidente del CODEDEAV acompa\u00f1ada por el Secretario General de SEGEPLAN"},"content":{"rendered":"<div class=\"html-div xdj266r x11i5rnm xat24cr x1mh8g0r xexx8yu x4uap5 x18d9i69 xkhd6sd\" dir=\"auto\">\n<div id=\":r9a8:\" class=\"x1l90r2v x1pi30zi x1swvt13 x1iorvi4\" data-ad-comet-preview=\"message\" data-ad-preview=\"message\">\n<div class=\"x78zum5 xdt5ytf xz62fqu x16ldp7u\">\n<div class=\"xu06os2 x1ok221b\">\n<div class=\"xdj266r x11i5rnm xat24cr x1mh8g0r x1vvkbs x126k92a\">\n<div dir=\"auto\" style=\"text-align: justify;\">La gobernadora Dilia Margarita C\u00f3 Coy en su rol de Presidente del CODEDEAV acompa\u00f1ada por el Secretario General de SEGEPLAN Carlos Mendoza, el director de Delegaciones de SEGEPLAN Fidel Us y el SubSecretario para Asuntos Ejecutivos de la SCEP Oscar Mois\u00e9s Ju\u00e1rez P\u00e9rez y los equipos departamentales de estas instituciones Erick Poou Delegado Departamental de SEGEPLAN, Fidel Ponce Director Ejecutivo del CODEDEAV-SCEP y Marvin Gir\u00f3n COREDUR REgi\u00f3n II Norte participaron en la entrega del Proyecto:<\/div>\n<\/div>\n<div class=\"x11i5rnm xat24cr x1mh8g0r x1vvkbs xtlvy1s x126k92a\" style=\"text-align: justify;\">\n<div dir=\"auto\">Proyecto: 301089 &#8211; MEJORAMIENTO CALLE PAVIMENTACION CASERIO CHICOJ COBAN ALTA VERAPAZ<\/div>\n<\/div>\n<div class=\"x11i5rnm xat24cr x1mh8g0r x1vvkbs xtlvy1s x126k92a\" style=\"text-align: justify;\">\n<div dir=\"auto\">Este proyecto fue concluido en 2023 y tuvo una inversi\u00f3n total de Q5,000.000.00 de fondos IVA-PAZ a trav\u00e9s del CODEDEAV, la municipalidad de Cob\u00e1n como ejecutor de los fondos estuvo representada por miembros del Concejo Municipal.<\/div>\n<\/div>\n<div class=\"x11i5rnm xat24cr x1mh8g0r x1vvkbs xtlvy1s x126k92a\" style=\"text-align: justify;\">\n<div dir=\"auto\">Actualmente se est\u00e1 trabajando con las instituciones gubernamentales y municipalidades del departamento para hacer m\u00e1s eficientes los proyectos que se ejecutan en Alta Verapaz.<\/div>\n<\/div>\n<div class=\"x11i5rnm xat24cr x1mh8g0r x1vvkbs xtlvy1s x126k92a\">\n<div dir=\"auto\" style=\"text-align: justify;\"><span class=\"html-span xdj266r x11i5rnm xat24cr x1mh8g0r xexx8yu x4uap5 x18d9i69 xkhd6sd x1hl2dhg x16tdsg8 x1vvkbs\"><a class=\"x1i10hfl xjbqb8w x1ejq31n xd10rxx x1sy0etr x17r0tee x972fbf xcfux6l x1qhh985 xm0m39n x9f619 x1ypdohk xt0psk2 xe8uvvx xdj266r x11i5rnm xat24cr x1mh8g0r xexx8yu x4uap5 x18d9i69 xkhd6sd x16tdsg8 x1hl2dhg xggy1nq x1a2a7pz x1sur9pj xkrqix3 x1fey0fg xo1l8bm\" tabindex=\"0\" role=\"link\" href=\"https:\/\/www.facebook.com\/hashtag\/guatemalasaleadelante?__eep__=6&amp;__cft__[0]=AZVQF9vNq1IBaZGNm-rmJHLsmfB0w0yIczXoKtaUwweCsg_1s9DtROOzG2sEUAVEN5qLxKUfyDsD4R1xbAIs9-VBi2Te416uCf90hf2FsjIsv_Kzu7_W5JxQ-0MryVAWNZMiSM-GLEgRxCRFGgV8LjoVhH1UcjdUIZPCX1dX1fSOqVEoBog5xTZnRejMjJ10y_etWmui6ribagpTlyoqO4MT&amp;__tn__=*NK-R\">#GuatemalaSaleAdelante<\/a><\/span> <span class=\"html-span xdj266r x11i5rnm xat24cr x1mh8g0r xexx8yu x4uap5 x18d9i69 xkhd6sd x1hl2dhg x16tdsg8 x1vvkbs\"><a class=\"x1i10hfl xjbqb8w x1ejq31n xd10rxx x1sy0etr x17r0tee x972fbf xcfux6l x1qhh985 xm0m39n x9f619 x1ypdohk xt0psk2 xe8uvvx xdj266r x11i5rnm xat24cr x1mh8g0r xexx8yu x4uap5 x18d9i69 xkhd6sd x16tdsg8 x1hl2dhg xggy1nq x1a2a7pz x1sur9pj xkrqix3 x1fey0fg xo1l8bm\" tabindex=\"0\" role=\"link\" href=\"https:\/\/www.facebook.com\/hashtag\/codedeav?__eep__=6&amp;__cft__[0]=AZVQF9vNq1IBaZGNm-rmJHLsmfB0w0yIczXoKtaUwweCsg_1s9DtROOzG2sEUAVEN5qLxKUfyDsD4R1xbAIs9-VBi2Te416uCf90hf2FsjIsv_Kzu7_W5JxQ-0MryVAWNZMiSM-GLEgRxCRFGgV8LjoVhH1UcjdUIZPCX1dX1fSOqVEoBog5xTZnRejMjJ10y_etWmui6ribagpTlyoqO4MT&amp;__tn__=*NK-R\">#CODEDEAV<\/a><\/span> <span class=\"html-span xdj266r x11i5rnm xat24cr x1mh8g0r xexx8yu x4uap5 x18d9i69 xkhd6sd x1hl2dhg x16tdsg8 x1vvkbs\"><a class=\"x1i10hfl xjbqb8w x1ejq31n xd10rxx x1sy0etr x17r0tee x972fbf xcfux6l x1qhh985 xm0m39n x9f619 x1ypdohk xt0psk2 xe8uvvx xdj266r x11i5rnm xat24cr x1mh8g0r xexx8yu x4uap5 x18d9i69 xkhd6sd x16tdsg8 x1hl2dhg xggy1nq x1a2a7pz x1sur9pj xkrqix3 x1fey0fg xo1l8bm\" tabindex=\"0\" role=\"link\" href=\"https:\/\/www.facebook.com\/SegeplanGT?__cft__[0]=AZVQF9vNq1IBaZGNm-rmJHLsmfB0w0yIczXoKtaUwweCsg_1s9DtROOzG2sEUAVEN5qLxKUfyDsD4R1xbAIs9-VBi2Te416uCf90hf2FsjIsv_Kzu7_W5JxQ-0MryVAWNZMiSM-GLEgRxCRFGgV8LjoVhH1UcjdUIZPCX1dX1fSOqVEoBog5xTZnRejMjJ10y_etWmui6ribagpTlyoqO4MT&amp;__tn__=-]K-R\"><span class=\"xt0psk2\">SEGEPLAN Guatemala<\/span><\/a><\/span> <span class=\"html-span xdj266r x11i5rnm xat24cr x1mh8g0r xexx8yu x4uap5 x18d9i69 xkhd6sd x1hl2dhg x16tdsg8 x1vvkbs\"><a class=\"x1i10hfl xjbqb8w x1ejq31n xd10rxx x1sy0etr x17r0tee x972fbf xcfux6l x1qhh985 xm0m39n x9f619 x1ypdohk xt0psk2 xe8uvvx xdj266r x11i5rnm xat24cr x1mh8g0r xexx8yu x4uap5 x18d9i69 xkhd6sd x16tdsg8 x1hl2dhg xggy1nq x1a2a7pz x1sur9pj xkrqix3 x1fey0fg xo1l8bm\" tabindex=\"0\" role=\"link\" href=\"https:\/\/www.facebook.com\/secretariaejecutiva.scep?__cft__[0]=AZVQF9vNq1IBaZGNm-rmJHLsmfB0w0yIczXoKtaUwweCsg_1s9DtROOzG2sEUAVEN5qLxKUfyDsD4R1xbAIs9-VBi2Te416uCf90hf2FsjIsv_Kzu7_W5JxQ-0MryVAWNZMiSM-GLEgRxCRFGgV8LjoVhH1UcjdUIZPCX1dX1fSOqVEoBog5xTZnRejMjJ10y_etWmui6ribagpTlyoqO4MT&amp;__tn__=-]K-R\"><span class=\"xt0psk2\">SCEP<\/span><\/a><\/span> <span class=\"html-span xdj266r x11i5rnm xat24cr x1mh8g0r xexx8yu x4uap5 x18d9i69 xkhd6sd x1hl2dhg x16tdsg8 x1vvkbs\"><a class=\"x1i10hfl xjbqb8w x1ejq31n xd10rxx x1sy0etr x17r0tee x972fbf xcfux6l x1qhh985 xm0m39n x9f619 x1ypdohk xt0psk2 xe8uvvx xdj266r x11i5rnm xat24cr x1mh8g0r xexx8yu x4uap5 x18d9i69 xkhd6sd x16tdsg8 x1hl2dhg xggy1nq x1a2a7pz x1sur9pj xkrqix3 x1fey0fg xo1l8bm\" tabindex=\"0\" role=\"link\" href=\"https:\/\/www.facebook.com\/Municipalidaddecoban?__cft__[0]=AZVQF9vNq1IBaZGNm-rmJHLsmfB0w0yIczXoKtaUwweCsg_1s9DtROOzG2sEUAVEN5qLxKUfyDsD4R1xbAIs9-VBi2Te416uCf90hf2FsjIsv_Kzu7_W5JxQ-0MryVAWNZMiSM-GLEgRxCRFGgV8LjoVhH1UcjdUIZPCX1dX1fSOqVEoBog5xTZnRejMjJ10y_etWmui6ribagpTlyoqO4MT&amp;__tn__=-]K-R\"><span class=\"xt0psk2\">Muni Cob\u00e1n<\/span><\/a><\/span><\/div>\n<\/div>\n<\/div>\n<\/div>\n<\/div>\n<\/div>\n<p>&nbsp;<\/p>\n<p>&nbsp;<\/p>\n<div><\/div>\n<p>&nbsp;<\/p>\n","protected":false},"excerpt":{"rendered":"<p>La gobernadora Dilia Margarita C\u00f3 Coy en su rol de Presidente del CODEDEAV acompa\u00f1ada por el Secretario General de SEGEPLAN Carlos Mendoza, el director de Delegaciones de SEGEPLAN Fidel Us y el SubSecretario para Asuntos Ejecutivos de la SCEP Oscar Mois\u00e9s Ju\u00e1rez P\u00e9rez y los equipos departamentales de estas instituciones Erick Poou Delegado Departamental de [&hellip;]<\/p>\n","protected":false},"author":1,"featured_media":19249,"comment_status":"closed","ping_status":"open","sticky":false,"template":"","format":"standard","meta":[],"categories":[183],"tags":[178],"_links":{"self":[{"href":"https:\/\/gobernacionaltaverapaz.gob.gt\/index.php?rest_route=\/wp\/v2\/posts\/19248"}],"collection":[{"href":"https:\/\/gobernacionaltaverapaz.gob.gt\/index.php?rest_route=\/wp\/v2\/posts"}],"about":[{"href":"https:\/\/gobernacionaltaverapaz.gob.gt\/index.php?rest_route=\/wp\/v2\/types\/post"}],"author":[{"embeddable":true,"href":"https:\/\/gobernacionaltaverapaz.gob.gt\/index.php?rest_route=\/wp\/v2\/users\/1"}],"replies":[{"embeddable":true,"href":"https:\/\/gobernacionaltaverapaz.gob.gt\/index.php?rest_route=%2Fwp%2Fv2%2Fcomments&post=19248"}],"version-history":[{"count":1,"href":"https:\/\/gobernacionaltaverapaz.gob.gt\/index.php?rest_route=\/wp\/v2\/posts\/19248\/revisions"}],"predecessor-version":[{"id":19250,"href":"https:\/\/gobernacionaltaverapaz.gob.gt\/index.php?rest_route=\/wp\/v2\/posts\/19248\/revisions\/19250"}],"wp:featuredmedia":[{"embeddable":true,"href":"https:\/\/gobernacionaltaverapaz.gob.gt\/index.php?rest_route=\/wp\/v2\/media\/19249"}],"wp:attachment":[{"href":"https:\/\/gobernacionaltaverapaz.gob.gt\/index.php?rest_route=%2Fwp%2Fv2%2Fmedia&parent=19248"}],"wp:term":[{"taxonomy":"category","embeddable":true,"href":"https:\/\/gobernacionaltaverapaz.gob.gt\/index.php?rest_route=%2Fwp%2Fv2%2Fcategories&post=19248"},{"taxonomy":"post_tag","embeddable":true,"href":"https:\/\/gobernacionaltaverapaz.gob.gt\/index.php?rest_route=%2Fwp%2Fv2%2Ftags&post=19248"}],"curies":[{"name":"wp","href":"https:\/\/api.w.org\/{rel}","templated":true}]}}