{"id":19270,"date":"2024-08-05T11:00:06","date_gmt":"2024-08-05T17:00:06","guid":{"rendered":"https:\/\/gobernacionaltaverapaz.gob.gt\/?p=19270"},"modified":"2024-09-05T14:30:21","modified_gmt":"2024-09-05T20:30:21","slug":"reunion-con-la-gobernadora-departamental-de-alta-verapaz-dilia-margarita-co-coy","status":"publish","type":"post","link":"https:\/\/gobernacionaltaverapaz.gob.gt\/?p=19270","title":{"rendered":"Reuni\u00f3n con la gobernadora departamental de Alta Verapaz, Dilia Margarita C\u00f3 Coy"},"content":{"rendered":"<div class=\"html-div xdj266r x11i5rnm xat24cr x1mh8g0r xexx8yu x4uap5 x18d9i69 xkhd6sd\" dir=\"auto\">\n<div id=\":r23u:\" class=\"x1l90r2v x1pi30zi x1swvt13 x1iorvi4\" data-ad-comet-preview=\"message\" data-ad-preview=\"message\">\n<div class=\"x78zum5 xdt5ytf xz62fqu x16ldp7u\">\n<div class=\"xu06os2 x1ok221b\">\n<div class=\"xdj266r x11i5rnm xat24cr x1mh8g0r x1vvkbs x126k92a\">\n<div dir=\"auto\" style=\"text-align: justify;\">Personas de La Asociaci\u00f3n de Entidades Locales Vascas Cooperantes -EUSKAL FONDOA- y de la Fundaci\u00f3n Iniciativa Civil para la Democracia -INCIDE- se reunieron con la gobernadora departamental de Alta Verapaz, Dilia Margarita C\u00f3 Coy, para presentar sus proyectos y discutir posibles colaboraciones.<\/div>\n<\/div>\n<div class=\"x11i5rnm xat24cr x1mh8g0r x1vvkbs xtlvy1s x126k92a\" style=\"text-align: justify;\">\n<div dir=\"auto\">Durante esta reuni\u00f3n, se analizaron las necesidades de la poblaci\u00f3n y se buscaron formas de integrar los proyectos de Euskal e Incide con las iniciativas gubernamentales locales.<\/div>\n<\/div>\n<div class=\"x11i5rnm xat24cr x1mh8g0r x1vvkbs xtlvy1s x126k92a\" style=\"text-align: justify;\">\n<div dir=\"auto\">Esta colaboraci\u00f3n busca asegurar que cada proyecto se ejecute de manera eficiente y tenga un impacto positivo en la sociedad, mejorando la calidad de vida de los habitantes de Alta Verapaz.<\/div>\n<\/div>\n<div class=\"x11i5rnm xat24cr x1mh8g0r x1vvkbs xtlvy1s x126k92a\">\n<div dir=\"auto\" style=\"text-align: justify;\"><span class=\"html-span xdj266r x11i5rnm xat24cr x1mh8g0r xexx8yu x4uap5 x18d9i69 xkhd6sd x1hl2dhg x16tdsg8 x1vvkbs\"><a class=\"x1i10hfl xjbqb8w x1ejq31n xd10rxx x1sy0etr x17r0tee x972fbf xcfux6l x1qhh985 xm0m39n x9f619 x1ypdohk xt0psk2 xe8uvvx xdj266r x11i5rnm xat24cr x1mh8g0r xexx8yu x4uap5 x18d9i69 xkhd6sd x16tdsg8 x1hl2dhg xggy1nq x1a2a7pz x1sur9pj xkrqix3 x1fey0fg xo1l8bm\" tabindex=\"0\" role=\"link\" href=\"https:\/\/www.facebook.com\/hashtag\/altaverapazsaleadelante?__eep__=6&amp;__cft__[0]=AZUE4B5p5zntKX_P4r1qDILbh9wBtfNU9DGNTjd0o7WTHoxheqky0hHD-_j-RpTOaAJ2lTrRU_7l-S8nQbh4a38UjOH5yvjIFtHXx947fH_Ho45g4jRIUkmoovjUZdQ0LIJhVOZQS4o12FJeK8dq9l2YHh_PNrQu8_X25YnjmqaGa-7stU-GCJ8hH_026Pm-mFVeHAtJWgJACVkE68tLpvtl&amp;__tn__=*NK-R\">#AltaVerapazSaleAdelante<\/a><\/span> @euskal.fondoa<\/div>\n<\/div>\n<\/div>\n<\/div>\n<\/div>\n<\/div>\n<p>&nbsp;<\/p>\n<p>&nbsp;<\/p>\n<div><\/div>\n","protected":false},"excerpt":{"rendered":"<p>Personas de La Asociaci\u00f3n de Entidades Locales Vascas Cooperantes -EUSKAL FONDOA- y de la Fundaci\u00f3n Iniciativa Civil para la Democracia -INCIDE- se reunieron con la gobernadora departamental de Alta Verapaz, Dilia Margarita C\u00f3 Coy, para presentar sus proyectos y discutir posibles colaboraciones. Durante esta reuni\u00f3n, se analizaron las necesidades de la poblaci\u00f3n y se buscaron [&hellip;]<\/p>\n","protected":false},"author":1,"featured_media":19271,"comment_status":"closed","ping_status":"open","sticky":false,"template":"","format":"standard","meta":[],"categories":[183],"tags":[178],"_links":{"self":[{"href":"https:\/\/gobernacionaltaverapaz.gob.gt\/index.php?rest_route=\/wp\/v2\/posts\/19270"}],"collection":[{"href":"https:\/\/gobernacionaltaverapaz.gob.gt\/index.php?rest_route=\/wp\/v2\/posts"}],"about":[{"href":"https:\/\/gobernacionaltaverapaz.gob.gt\/index.php?rest_route=\/wp\/v2\/types\/post"}],"author":[{"embeddable":true,"href":"https:\/\/gobernacionaltaverapaz.gob.gt\/index.php?rest_route=\/wp\/v2\/users\/1"}],"replies":[{"embeddable":true,"href":"https:\/\/gobernacionaltaverapaz.gob.gt\/index.php?rest_route=%2Fwp%2Fv2%2Fcomments&post=19270"}],"version-history":[{"count":1,"href":"https:\/\/gobernacionaltaverapaz.gob.gt\/index.php?rest_route=\/wp\/v2\/posts\/19270\/revisions"}],"predecessor-version":[{"id":19272,"href":"https:\/\/gobernacionaltaverapaz.gob.gt\/index.php?rest_route=\/wp\/v2\/posts\/19270\/revisions\/19272"}],"wp:featuredmedia":[{"embeddable":true,"href":"https:\/\/gobernacionaltaverapaz.gob.gt\/index.php?rest_route=\/wp\/v2\/media\/19271"}],"wp:attachment":[{"href":"https:\/\/gobernacionaltaverapaz.gob.gt\/index.php?rest_route=%2Fwp%2Fv2%2Fmedia&parent=19270"}],"wp:term":[{"taxonomy":"category","embeddable":true,"href":"https:\/\/gobernacionaltaverapaz.gob.gt\/index.php?rest_route=%2Fwp%2Fv2%2Fcategories&post=19270"},{"taxonomy":"post_tag","embeddable":true,"href":"https:\/\/gobernacionaltaverapaz.gob.gt\/index.php?rest_route=%2Fwp%2Fv2%2Ftags&post=19270"}],"curies":[{"name":"wp","href":"https:\/\/api.w.org\/{rel}","templated":true}]}}