{"id":19281,"date":"2024-08-01T13:30:28","date_gmt":"2024-08-01T19:30:28","guid":{"rendered":"https:\/\/gobernacionaltaverapaz.gob.gt\/?p=19281"},"modified":"2024-09-05T14:36:19","modified_gmt":"2024-09-05T20:36:19","slug":"entrega-de-la-escuela-oficial-rural-mixta-sam-greeene-2","status":"publish","type":"post","link":"https:\/\/gobernacionaltaverapaz.gob.gt\/?p=19281","title":{"rendered":"Entrega de la Escuela Oficial Rural Mixta &#8220;Sam Greeene 2&#8221;"},"content":{"rendered":"<div class=\"xdj266r x11i5rnm xat24cr x1mh8g0r x1vvkbs x126k92a\">\n<div dir=\"auto\" style=\"text-align: justify;\">El alcalde del municipio de San Miguel Tucur\u00fa Rolando Can Maqu\u00edm invit\u00f3 a la gobernadora Dilia Margarita C\u00f3 Coy a la entrega de la Escuela Oficial Rural Mixta &#8220;Sam Greeene 2&#8221;, la cual fue remozada y mejorada.<\/div>\n<\/div>\n<div class=\"x11i5rnm xat24cr x1mh8g0r x1vvkbs xtlvy1s x126k92a\">\n<div dir=\"auto\" style=\"text-align: justify;\">El Gobierno del Presidente Bernardo Ar\u00e9valo en articulaci\u00f3n con la Ministra Anabella Giracca tiene un fuerte compromiso con la Educaci\u00f3n de los ni\u00f1os en todos los municipios de Guatemala y en Alta Verapaz la se\u00f1ora gobernadora fortalecer\u00e1 las acciones de la Direcci\u00f3n Departamental de Educaci\u00f3n y de las Alcald\u00edas en este importante rubro del desarrollo social de nuestro pa\u00eds.<\/div>\n<\/div>\n<p>&nbsp;<\/p>\n<div><\/div>\n","protected":false},"excerpt":{"rendered":"<p>El alcalde del municipio de San Miguel Tucur\u00fa Rolando Can Maqu\u00edm invit\u00f3 a la gobernadora Dilia Margarita C\u00f3 Coy a la entrega de la Escuela Oficial Rural Mixta &#8220;Sam Greeene 2&#8221;, la cual fue remozada y mejorada. El Gobierno del Presidente Bernardo Ar\u00e9valo en articulaci\u00f3n con la Ministra Anabella Giracca tiene un fuerte compromiso con [&hellip;]<\/p>\n","protected":false},"author":1,"featured_media":19282,"comment_status":"closed","ping_status":"open","sticky":false,"template":"","format":"standard","meta":[],"categories":[195],"tags":[178],"_links":{"self":[{"href":"https:\/\/gobernacionaltaverapaz.gob.gt\/index.php?rest_route=\/wp\/v2\/posts\/19281"}],"collection":[{"href":"https:\/\/gobernacionaltaverapaz.gob.gt\/index.php?rest_route=\/wp\/v2\/posts"}],"about":[{"href":"https:\/\/gobernacionaltaverapaz.gob.gt\/index.php?rest_route=\/wp\/v2\/types\/post"}],"author":[{"embeddable":true,"href":"https:\/\/gobernacionaltaverapaz.gob.gt\/index.php?rest_route=\/wp\/v2\/users\/1"}],"replies":[{"embeddable":true,"href":"https:\/\/gobernacionaltaverapaz.gob.gt\/index.php?rest_route=%2Fwp%2Fv2%2Fcomments&post=19281"}],"version-history":[{"count":1,"href":"https:\/\/gobernacionaltaverapaz.gob.gt\/index.php?rest_route=\/wp\/v2\/posts\/19281\/revisions"}],"predecessor-version":[{"id":19283,"href":"https:\/\/gobernacionaltaverapaz.gob.gt\/index.php?rest_route=\/wp\/v2\/posts\/19281\/revisions\/19283"}],"wp:featuredmedia":[{"embeddable":true,"href":"https:\/\/gobernacionaltaverapaz.gob.gt\/index.php?rest_route=\/wp\/v2\/media\/19282"}],"wp:attachment":[{"href":"https:\/\/gobernacionaltaverapaz.gob.gt\/index.php?rest_route=%2Fwp%2Fv2%2Fmedia&parent=19281"}],"wp:term":[{"taxonomy":"category","embeddable":true,"href":"https:\/\/gobernacionaltaverapaz.gob.gt\/index.php?rest_route=%2Fwp%2Fv2%2Fcategories&post=19281"},{"taxonomy":"post_tag","embeddable":true,"href":"https:\/\/gobernacionaltaverapaz.gob.gt\/index.php?rest_route=%2Fwp%2Fv2%2Ftags&post=19281"}],"curies":[{"name":"wp","href":"https:\/\/api.w.org\/{rel}","templated":true}]}}