{"id":19293,"date":"2024-08-01T17:09:40","date_gmt":"2024-08-01T23:09:40","guid":{"rendered":"https:\/\/gobernacionaltaverapaz.gob.gt\/?p=19293"},"modified":"2024-09-05T14:42:33","modified_gmt":"2024-09-05T20:42:33","slug":"inauguracion-de-la-feria-departamental-de-coban","status":"publish","type":"post","link":"https:\/\/gobernacionaltaverapaz.gob.gt\/?p=19293","title":{"rendered":"Inauguraci\u00f3n de la Feria Departamental de Cob\u00e1n"},"content":{"rendered":"<div class=\"xdj266r x11i5rnm xat24cr x1mh8g0r x1vvkbs x126k92a\">\n<div dir=\"auto\" style=\"text-align: justify;\">La Gobernadora Dilia Margarita C\u00f3 Coy particip\u00f3 en el Desfile Oficial que da paso a la inauguraci\u00f3n de la Feria Departamental de Cob\u00e1n, acompa\u00f1\u00f3 al se\u00f1or alcalde de Cob\u00e1n Felipe Pop Cucul y a autoridades del departamento.<\/div>\n<\/div>\n<div class=\"x11i5rnm xat24cr x1mh8g0r x1vvkbs xtlvy1s x126k92a\">\n<div dir=\"auto\" style=\"text-align: justify;\">Encabezando el desfile tambi\u00e9n estuvieron representantes de la belleza y los pueblos originarios, especialmente la se\u00f1orita Arly Paola Cholot\u00edo V\u00e1squez Reina Ind\u00edgena Nacional &#8220;Rab\u00edn Ajaw&#8221; 2024-2025.<\/div>\n<\/div>\n<p>&nbsp;<\/p>\n<p>&nbsp;<\/p>\n<div><\/div>\n","protected":false},"excerpt":{"rendered":"<p>La Gobernadora Dilia Margarita C\u00f3 Coy particip\u00f3 en el Desfile Oficial que da paso a la inauguraci\u00f3n de la Feria Departamental de Cob\u00e1n, acompa\u00f1\u00f3 al se\u00f1or alcalde de Cob\u00e1n Felipe Pop Cucul y a autoridades del departamento. Encabezando el desfile tambi\u00e9n estuvieron representantes de la belleza y los pueblos originarios, especialmente la se\u00f1orita Arly Paola [&hellip;]<\/p>\n","protected":false},"author":1,"featured_media":19294,"comment_status":"closed","ping_status":"open","sticky":false,"template":"","format":"standard","meta":[],"categories":[183],"tags":[178],"_links":{"self":[{"href":"https:\/\/gobernacionaltaverapaz.gob.gt\/index.php?rest_route=\/wp\/v2\/posts\/19293"}],"collection":[{"href":"https:\/\/gobernacionaltaverapaz.gob.gt\/index.php?rest_route=\/wp\/v2\/posts"}],"about":[{"href":"https:\/\/gobernacionaltaverapaz.gob.gt\/index.php?rest_route=\/wp\/v2\/types\/post"}],"author":[{"embeddable":true,"href":"https:\/\/gobernacionaltaverapaz.gob.gt\/index.php?rest_route=\/wp\/v2\/users\/1"}],"replies":[{"embeddable":true,"href":"https:\/\/gobernacionaltaverapaz.gob.gt\/index.php?rest_route=%2Fwp%2Fv2%2Fcomments&post=19293"}],"version-history":[{"count":1,"href":"https:\/\/gobernacionaltaverapaz.gob.gt\/index.php?rest_route=\/wp\/v2\/posts\/19293\/revisions"}],"predecessor-version":[{"id":19295,"href":"https:\/\/gobernacionaltaverapaz.gob.gt\/index.php?rest_route=\/wp\/v2\/posts\/19293\/revisions\/19295"}],"wp:featuredmedia":[{"embeddable":true,"href":"https:\/\/gobernacionaltaverapaz.gob.gt\/index.php?rest_route=\/wp\/v2\/media\/19294"}],"wp:attachment":[{"href":"https:\/\/gobernacionaltaverapaz.gob.gt\/index.php?rest_route=%2Fwp%2Fv2%2Fmedia&parent=19293"}],"wp:term":[{"taxonomy":"category","embeddable":true,"href":"https:\/\/gobernacionaltaverapaz.gob.gt\/index.php?rest_route=%2Fwp%2Fv2%2Fcategories&post=19293"},{"taxonomy":"post_tag","embeddable":true,"href":"https:\/\/gobernacionaltaverapaz.gob.gt\/index.php?rest_route=%2Fwp%2Fv2%2Ftags&post=19293"}],"curies":[{"name":"wp","href":"https:\/\/api.w.org\/{rel}","templated":true}]}}