{"id":19304,"date":"2024-08-06T08:58:42","date_gmt":"2024-08-06T14:58:42","guid":{"rendered":"https:\/\/gobernacionaltaverapaz.gob.gt\/?p=19304"},"modified":"2024-09-05T14:48:58","modified_gmt":"2024-09-05T20:48:58","slug":"aniversario-del-instituto-para-la-asistencia-de-atencion-a-la-victima-del-delito-en-alta-verapaz","status":"publish","type":"post","link":"https:\/\/gobernacionaltaverapaz.gob.gt\/?p=19304","title":{"rendered":"Aniversario del Instituto para la Asistencia de Atenci\u00f3n a la V\u00edctima del Delito en Alta Verapaz"},"content":{"rendered":"<div class=\"html-div xdj266r x11i5rnm xat24cr x1mh8g0r xexx8yu x4uap5 x18d9i69 xkhd6sd\" dir=\"auto\">\n<div id=\":r1u2:\" class=\"x1l90r2v x1pi30zi x1swvt13 x1iorvi4\" data-ad-comet-preview=\"message\" data-ad-preview=\"message\">\n<div class=\"x78zum5 xdt5ytf xz62fqu x16ldp7u\">\n<div class=\"xu06os2 x1ok221b\">\n<div class=\"xdj266r x11i5rnm xat24cr x1mh8g0r x1vvkbs x126k92a\">\n<div dir=\"auto\" style=\"text-align: justify;\">La gobernadora Dilia Margarita C\u00f3 Coy fue invitada a participar en el acto protocolario para celebrar el 2o. Aniversario del Instituto para la Asistencia de Atenci\u00f3n a la V\u00edctima del Delito en Alta Verapaz, en el que estuvo presente la Directora General Ligia Iveth Hern\u00e1ndez G\u00f3mez.<\/div>\n<\/div>\n<div class=\"x11i5rnm xat24cr x1mh8g0r x1vvkbs xtlvy1s x126k92a\" style=\"text-align: justify;\">\n<div dir=\"auto\">En la actividad se dieron a conocer las estad\u00edsticas de atenci\u00f3n y se explicaron las acciones que la instituci\u00f3n brinda a la sociedad y de que forma se ha abierto m\u00e1s para que la poblaci\u00f3n tenga conocimiento del trabajo que hace.<\/div>\n<\/div>\n<div class=\"x11i5rnm xat24cr x1mh8g0r x1vvkbs xtlvy1s x126k92a\" style=\"text-align: justify;\">\n<div dir=\"auto\">Enlace para ver el informe:<\/div>\n<div dir=\"auto\"><span class=\"html-span xdj266r x11i5rnm xat24cr x1mh8g0r xexx8yu x4uap5 x18d9i69 xkhd6sd x1hl2dhg x16tdsg8 x1vvkbs\"><a class=\"x1i10hfl xjbqb8w x1ejq31n xd10rxx x1sy0etr x17r0tee x972fbf xcfux6l x1qhh985 xm0m39n x9f619 x1ypdohk xt0psk2 xe8uvvx xdj266r x11i5rnm xat24cr x1mh8g0r xexx8yu x4uap5 x18d9i69 xkhd6sd x16tdsg8 x1hl2dhg xggy1nq x1a2a7pz x1sur9pj xkrqix3 x1fey0fg\" tabindex=\"0\" role=\"link\" href=\"https:\/\/drive.google.com\/file\/d\/1LYiNvjGa1dWBs2Kw_NJ7A_f4gw4WqLzY\/view?fbclid=IwZXh0bgNhZW0CMTAAAR30XIiDGFrbQlw7W-LPDakGWcSCsYJCSPD4lDDTXEkd5hUbbpwvwyES36c_aem_Udn3a6t8cDvPaVGngMh7Lw\" target=\"_blank\" rel=\"nofollow noopener noreferrer\">https:\/\/drive.google.com\/&#8230;\/1LYiNvjGa1dWBs2Kw_NJ7A&#8230;\/view<\/a><\/span><\/div>\n<\/div>\n<div class=\"x11i5rnm xat24cr x1mh8g0r x1vvkbs xtlvy1s x126k92a\">\n<div dir=\"auto\" style=\"text-align: justify;\">Cob\u00e1n, Alta Verapaz &#8211; Viernes 2 de agosto de 2024<\/div>\n<div dir=\"auto\" style=\"text-align: justify;\"><span class=\"html-span xdj266r x11i5rnm xat24cr x1mh8g0r xexx8yu x4uap5 x18d9i69 xkhd6sd x1hl2dhg x16tdsg8 x1vvkbs\"><a class=\"x1i10hfl xjbqb8w x1ejq31n xd10rxx x1sy0etr x17r0tee x972fbf xcfux6l x1qhh985 xm0m39n x9f619 x1ypdohk xt0psk2 xe8uvvx xdj266r x11i5rnm xat24cr x1mh8g0r xexx8yu x4uap5 x18d9i69 xkhd6sd x16tdsg8 x1hl2dhg xggy1nq x1a2a7pz x1sur9pj xkrqix3 x1fey0fg xo1l8bm\" tabindex=\"0\" role=\"link\" href=\"https:\/\/www.facebook.com\/hashtag\/guatemalasaleadelante?__eep__=6&amp;__cft__[0]=AZXtBVcDps8hlwWATgEgE1qdfrA_L0eS9DYgdL5Sq7cYdYZUQ69UTjLzpP2-RDpDgffwpk5mSIvGLDC-eRdAfiuBN4vGdDpQe25FSrYi2rk_U8qyRdtYcNdyeXbKIf1x6IAd6j4weu1dztgEYSp47BPwO63oZqIqMvS8WXkZcKQ01oRvHdTvss6ysK30xVA_GaWJ5xy4_8vOjxz1_deCv0JS&amp;__tn__=*NK-R\">#GuatemalaSaleAdelante<\/a><\/span> <span class=\"html-span xdj266r x11i5rnm xat24cr x1mh8g0r xexx8yu x4uap5 x18d9i69 xkhd6sd x1hl2dhg x16tdsg8 x1vvkbs\"><a class=\"x1i10hfl xjbqb8w x1ejq31n xd10rxx x1sy0etr x17r0tee x972fbf xcfux6l x1qhh985 xm0m39n x9f619 x1ypdohk xt0psk2 xe8uvvx xdj266r x11i5rnm xat24cr x1mh8g0r xexx8yu x4uap5 x18d9i69 xkhd6sd x16tdsg8 x1hl2dhg xggy1nq x1a2a7pz x1sur9pj xkrqix3 x1fey0fg xo1l8bm\" tabindex=\"0\" role=\"link\" href=\"https:\/\/www.facebook.com\/institutodelavictima?__cft__[0]=AZXtBVcDps8hlwWATgEgE1qdfrA_L0eS9DYgdL5Sq7cYdYZUQ69UTjLzpP2-RDpDgffwpk5mSIvGLDC-eRdAfiuBN4vGdDpQe25FSrYi2rk_U8qyRdtYcNdyeXbKIf1x6IAd6j4weu1dztgEYSp47BPwO63oZqIqMvS8WXkZcKQ01oRvHdTvss6ysK30xVA_GaWJ5xy4_8vOjxz1_deCv0JS&amp;__tn__=-]K-R\"><span class=\"xt0psk2\">Instituto de la V\u00edctima<\/span><\/a><\/span><\/div>\n<\/div>\n<\/div>\n<\/div>\n<\/div>\n<\/div>\n<p>&nbsp;<\/p>\n<p>&nbsp;<\/p>\n<div><\/div>\n","protected":false},"excerpt":{"rendered":"<p>La gobernadora Dilia Margarita C\u00f3 Coy fue invitada a participar en el acto protocolario para celebrar el 2o. Aniversario del Instituto para la Asistencia de Atenci\u00f3n a la V\u00edctima del Delito en Alta Verapaz, en el que estuvo presente la Directora General Ligia Iveth Hern\u00e1ndez G\u00f3mez. En la actividad se dieron a conocer las estad\u00edsticas [&hellip;]<\/p>\n","protected":false},"author":1,"featured_media":19305,"comment_status":"closed","ping_status":"open","sticky":false,"template":"","format":"standard","meta":[],"categories":[183],"tags":[178],"_links":{"self":[{"href":"https:\/\/gobernacionaltaverapaz.gob.gt\/index.php?rest_route=\/wp\/v2\/posts\/19304"}],"collection":[{"href":"https:\/\/gobernacionaltaverapaz.gob.gt\/index.php?rest_route=\/wp\/v2\/posts"}],"about":[{"href":"https:\/\/gobernacionaltaverapaz.gob.gt\/index.php?rest_route=\/wp\/v2\/types\/post"}],"author":[{"embeddable":true,"href":"https:\/\/gobernacionaltaverapaz.gob.gt\/index.php?rest_route=\/wp\/v2\/users\/1"}],"replies":[{"embeddable":true,"href":"https:\/\/gobernacionaltaverapaz.gob.gt\/index.php?rest_route=%2Fwp%2Fv2%2Fcomments&post=19304"}],"version-history":[{"count":1,"href":"https:\/\/gobernacionaltaverapaz.gob.gt\/index.php?rest_route=\/wp\/v2\/posts\/19304\/revisions"}],"predecessor-version":[{"id":19306,"href":"https:\/\/gobernacionaltaverapaz.gob.gt\/index.php?rest_route=\/wp\/v2\/posts\/19304\/revisions\/19306"}],"wp:featuredmedia":[{"embeddable":true,"href":"https:\/\/gobernacionaltaverapaz.gob.gt\/index.php?rest_route=\/wp\/v2\/media\/19305"}],"wp:attachment":[{"href":"https:\/\/gobernacionaltaverapaz.gob.gt\/index.php?rest_route=%2Fwp%2Fv2%2Fmedia&parent=19304"}],"wp:term":[{"taxonomy":"category","embeddable":true,"href":"https:\/\/gobernacionaltaverapaz.gob.gt\/index.php?rest_route=%2Fwp%2Fv2%2Fcategories&post=19304"},{"taxonomy":"post_tag","embeddable":true,"href":"https:\/\/gobernacionaltaverapaz.gob.gt\/index.php?rest_route=%2Fwp%2Fv2%2Ftags&post=19304"}],"curies":[{"name":"wp","href":"https:\/\/api.w.org\/{rel}","templated":true}]}}