{"id":19340,"date":"2024-08-06T16:38:44","date_gmt":"2024-08-06T22:38:44","guid":{"rendered":"https:\/\/gobernacionaltaverapaz.gob.gt\/?p=19340"},"modified":"2024-09-05T15:04:33","modified_gmt":"2024-09-05T21:04:33","slug":"la-mesa-de-conflictividad-se-reunio-para-abordar-varios-problemas-en-alta-verapaz","status":"publish","type":"post","link":"https:\/\/gobernacionaltaverapaz.gob.gt\/?p=19340","title":{"rendered":"La Mesa de Conflictividad se reuni\u00f3 para abordar varios problemas en Alta Verapaz"},"content":{"rendered":"<div class=\"html-div xdj266r x11i5rnm xat24cr x1mh8g0r xexx8yu x4uap5 x18d9i69 xkhd6sd\" dir=\"auto\">\n<div id=\":r1r9:\" class=\"x1l90r2v x1pi30zi x1swvt13 x1iorvi4\" data-ad-comet-preview=\"message\" data-ad-preview=\"message\">\n<div class=\"x78zum5 xdt5ytf xz62fqu x16ldp7u\">\n<div class=\"xu06os2 x1ok221b\">\n<div class=\"xdj266r x11i5rnm xat24cr x1mh8g0r x1vvkbs x126k92a\">\n<div dir=\"auto\" style=\"text-align: justify;\">Hoy, martes 6 de agosto de 2024, la Mesa de Conflictividad se reuni\u00f3 para abordar varios problemas en Alta Verapaz.<\/div>\n<\/div>\n<div class=\"x11i5rnm xat24cr x1mh8g0r x1vvkbs xtlvy1s x126k92a\" style=\"text-align: justify;\">\n<div dir=\"auto\">En primer lugar, se discuti\u00f3 la situaci\u00f3n en Samuc Cob\u00e1n y Semuc Champey, Lanqu\u00edn, donde representantes de la Secretar\u00eda privada de la Presidencia y la Gobernaci\u00f3n Departamental informaron sobre los acercamientos con las personas involucradas.<\/div>\n<div dir=\"auto\">Estas acciones iniciales buscan crear un ambiente propicio para reuniones futuras con el fin de resolver los conflictos existentes en la zona.<\/div>\n<\/div>\n<div class=\"x11i5rnm xat24cr x1mh8g0r x1vvkbs xtlvy1s x126k92a\" style=\"text-align: justify;\">\n<div dir=\"auto\">Tambi\u00e9n se trat\u00f3 el tema de los desalojos en la regi\u00f3n, enfatiz\u00e1ndose la necesidad de fortalecer la institucionalidad p\u00fablica y mejorar la coordinaci\u00f3n entre las instituciones para proteger los derechos de todas las personas. Se promovi\u00f3 la creaci\u00f3n de un mecanismo de organizaci\u00f3n conjunta para garantizar el bienestar de la poblaci\u00f3n afectada y se destac\u00f3 el papel de la Comisi\u00f3n de Atenci\u00f3n Humanitaria.<\/div>\n<\/div>\n<div class=\"x11i5rnm xat24cr x1mh8g0r x1vvkbs xtlvy1s x126k92a\" style=\"text-align: justify;\">\n<div dir=\"auto\">Adem\u00e1s, la COPADEH present\u00f3 una exposici\u00f3n sobre las acciones necesarias antes, durante y despu\u00e9s de los desalojos, subrayando la importancia de llevar a cabo estos procesos de manera justa y con el menor impacto negativo posible. La reuni\u00f3n concluy\u00f3 con un compromiso firme de todos los participantes para trabajar juntos de manera coordinada, buscando siempre la paz y el respeto a los derechos humanos en Alta Verapaz.<\/div>\n<\/div>\n<div class=\"x11i5rnm xat24cr x1mh8g0r x1vvkbs xtlvy1s x126k92a\">\n<div dir=\"auto\" style=\"text-align: justify;\"><span class=\"html-span xdj266r x11i5rnm xat24cr x1mh8g0r xexx8yu x4uap5 x18d9i69 xkhd6sd x1hl2dhg x16tdsg8 x1vvkbs\"><a class=\"x1i10hfl xjbqb8w x1ejq31n xd10rxx x1sy0etr x17r0tee x972fbf xcfux6l x1qhh985 xm0m39n x9f619 x1ypdohk xt0psk2 xe8uvvx xdj266r x11i5rnm xat24cr x1mh8g0r xexx8yu x4uap5 x18d9i69 xkhd6sd x16tdsg8 x1hl2dhg xggy1nq x1a2a7pz x1sur9pj xkrqix3 x1fey0fg xo1l8bm\" tabindex=\"0\" role=\"link\" href=\"https:\/\/www.facebook.com\/hashtag\/guatemalasaleadelante?__eep__=6&amp;__cft__[0]=AZXtyxupecSUXjebwaM8pbSUTFCXXHSIJmL_qSrZXlqG3GccOZ0BGemU-8uxY1_AX1hfKAax0Oh9H7-RxLUVdlzVLhzBesgbSiUTUGUo_JWs68BHwcm7ins5Sn1yUUuRU6l5ECSKYZy7nZhXNHqD8J8syU8__SfkDjHKSNcP2i3HR9RYPYANCWrPYqdxL5igM-YH9FpYWem_3xoXjEMMYlsi&amp;__tn__=*NK-R\">#GuatemalaSaleAdelante<\/a><\/span> <span class=\"html-span xdj266r x11i5rnm xat24cr x1mh8g0r xexx8yu x4uap5 x18d9i69 xkhd6sd x1hl2dhg x16tdsg8 x1vvkbs\"><a class=\"x1i10hfl xjbqb8w x1ejq31n xd10rxx x1sy0etr x17r0tee x972fbf xcfux6l x1qhh985 xm0m39n x9f619 x1ypdohk xt0psk2 xe8uvvx xdj266r x11i5rnm xat24cr x1mh8g0r xexx8yu x4uap5 x18d9i69 xkhd6sd x16tdsg8 x1hl2dhg xggy1nq x1a2a7pz x1sur9pj xkrqix3 x1fey0fg xo1l8bm\" tabindex=\"0\" role=\"link\" href=\"https:\/\/www.facebook.com\/hashtag\/cdacav?__eep__=6&amp;__cft__[0]=AZXtyxupecSUXjebwaM8pbSUTFCXXHSIJmL_qSrZXlqG3GccOZ0BGemU-8uxY1_AX1hfKAax0Oh9H7-RxLUVdlzVLhzBesgbSiUTUGUo_JWs68BHwcm7ins5Sn1yUUuRU6l5ECSKYZy7nZhXNHqD8J8syU8__SfkDjHKSNcP2i3HR9RYPYANCWrPYqdxL5igM-YH9FpYWem_3xoXjEMMYlsi&amp;__tn__=*NK-R\">#CDACAV<\/a><\/span><\/div>\n<\/div>\n<\/div>\n<\/div>\n<\/div>\n<\/div>\n<p>&nbsp;<\/p>\n<div><\/div>\n<p>&nbsp;<\/p>\n","protected":false},"excerpt":{"rendered":"<p>Hoy, martes 6 de agosto de 2024, la Mesa de Conflictividad se reuni\u00f3 para abordar varios problemas en Alta Verapaz. En primer lugar, se discuti\u00f3 la situaci\u00f3n en Samuc Cob\u00e1n y Semuc Champey, Lanqu\u00edn, donde representantes de la Secretar\u00eda privada de la Presidencia y la Gobernaci\u00f3n Departamental informaron sobre los acercamientos con las personas involucradas. [&hellip;]<\/p>\n","protected":false},"author":1,"featured_media":19341,"comment_status":"closed","ping_status":"open","sticky":false,"template":"","format":"standard","meta":[],"categories":[183,194],"tags":[178],"_links":{"self":[{"href":"https:\/\/gobernacionaltaverapaz.gob.gt\/index.php?rest_route=\/wp\/v2\/posts\/19340"}],"collection":[{"href":"https:\/\/gobernacionaltaverapaz.gob.gt\/index.php?rest_route=\/wp\/v2\/posts"}],"about":[{"href":"https:\/\/gobernacionaltaverapaz.gob.gt\/index.php?rest_route=\/wp\/v2\/types\/post"}],"author":[{"embeddable":true,"href":"https:\/\/gobernacionaltaverapaz.gob.gt\/index.php?rest_route=\/wp\/v2\/users\/1"}],"replies":[{"embeddable":true,"href":"https:\/\/gobernacionaltaverapaz.gob.gt\/index.php?rest_route=%2Fwp%2Fv2%2Fcomments&post=19340"}],"version-history":[{"count":1,"href":"https:\/\/gobernacionaltaverapaz.gob.gt\/index.php?rest_route=\/wp\/v2\/posts\/19340\/revisions"}],"predecessor-version":[{"id":19342,"href":"https:\/\/gobernacionaltaverapaz.gob.gt\/index.php?rest_route=\/wp\/v2\/posts\/19340\/revisions\/19342"}],"wp:featuredmedia":[{"embeddable":true,"href":"https:\/\/gobernacionaltaverapaz.gob.gt\/index.php?rest_route=\/wp\/v2\/media\/19341"}],"wp:attachment":[{"href":"https:\/\/gobernacionaltaverapaz.gob.gt\/index.php?rest_route=%2Fwp%2Fv2%2Fmedia&parent=19340"}],"wp:term":[{"taxonomy":"category","embeddable":true,"href":"https:\/\/gobernacionaltaverapaz.gob.gt\/index.php?rest_route=%2Fwp%2Fv2%2Fcategories&post=19340"},{"taxonomy":"post_tag","embeddable":true,"href":"https:\/\/gobernacionaltaverapaz.gob.gt\/index.php?rest_route=%2Fwp%2Fv2%2Ftags&post=19340"}],"curies":[{"name":"wp","href":"https:\/\/api.w.org\/{rel}","templated":true}]}}