{"id":19351,"date":"2024-08-06T18:30:30","date_gmt":"2024-08-07T00:30:30","guid":{"rendered":"https:\/\/gobernacionaltaverapaz.gob.gt\/?p=19351"},"modified":"2024-09-05T15:11:53","modified_gmt":"2024-09-05T21:11:53","slug":"instituciones-realizara-jornadas-de-educacion-sexual-integral","status":"publish","type":"post","link":"https:\/\/gobernacionaltaverapaz.gob.gt\/?p=19351","title":{"rendered":"Instituciones realizar\u00e1 jornadas de Educaci\u00f3n Sexual Integral"},"content":{"rendered":"<div class=\"xdj266r x11i5rnm xat24cr x1mh8g0r x1vvkbs x126k92a\">\n<div dir=\"auto\" style=\"text-align: justify;\">Con el objetivo de fomentar una paternidad y maternidad responsable, se instituy\u00f3 que Agosto sea el Mes de la Salud Reproductiva, por lo que la gobernadora Dilia Margarita C\u00f3 Coy al lanzamiento de esta campa\u00f1a.<\/div>\n<\/div>\n<div class=\"x11i5rnm xat24cr x1mh8g0r x1vvkbs xtlvy1s x126k92a\">\n<div dir=\"auto\" style=\"text-align: justify;\">El Ministerio de Salud con el apoyo de otras instituciones realizar\u00e1 jornadas de Educaci\u00f3n Sexual Integral, Prevenci\u00f3n de embarazos en ni\u00f1as y adolescentes, Espaciamiento de Embarazos, etc.<\/div>\n<\/div>\n<p>&nbsp;<\/p>\n<p>&nbsp;<\/p>\n<div><\/div>\n","protected":false},"excerpt":{"rendered":"<p>Con el objetivo de fomentar una paternidad y maternidad responsable, se instituy\u00f3 que Agosto sea el Mes de la Salud Reproductiva, por lo que la gobernadora Dilia Margarita C\u00f3 Coy al lanzamiento de esta campa\u00f1a. El Ministerio de Salud con el apoyo de otras instituciones realizar\u00e1 jornadas de Educaci\u00f3n Sexual Integral, Prevenci\u00f3n de embarazos en [&hellip;]<\/p>\n","protected":false},"author":1,"featured_media":19352,"comment_status":"closed","ping_status":"open","sticky":false,"template":"","format":"standard","meta":[],"categories":[183],"tags":[178],"_links":{"self":[{"href":"https:\/\/gobernacionaltaverapaz.gob.gt\/index.php?rest_route=\/wp\/v2\/posts\/19351"}],"collection":[{"href":"https:\/\/gobernacionaltaverapaz.gob.gt\/index.php?rest_route=\/wp\/v2\/posts"}],"about":[{"href":"https:\/\/gobernacionaltaverapaz.gob.gt\/index.php?rest_route=\/wp\/v2\/types\/post"}],"author":[{"embeddable":true,"href":"https:\/\/gobernacionaltaverapaz.gob.gt\/index.php?rest_route=\/wp\/v2\/users\/1"}],"replies":[{"embeddable":true,"href":"https:\/\/gobernacionaltaverapaz.gob.gt\/index.php?rest_route=%2Fwp%2Fv2%2Fcomments&post=19351"}],"version-history":[{"count":1,"href":"https:\/\/gobernacionaltaverapaz.gob.gt\/index.php?rest_route=\/wp\/v2\/posts\/19351\/revisions"}],"predecessor-version":[{"id":19353,"href":"https:\/\/gobernacionaltaverapaz.gob.gt\/index.php?rest_route=\/wp\/v2\/posts\/19351\/revisions\/19353"}],"wp:featuredmedia":[{"embeddable":true,"href":"https:\/\/gobernacionaltaverapaz.gob.gt\/index.php?rest_route=\/wp\/v2\/media\/19352"}],"wp:attachment":[{"href":"https:\/\/gobernacionaltaverapaz.gob.gt\/index.php?rest_route=%2Fwp%2Fv2%2Fmedia&parent=19351"}],"wp:term":[{"taxonomy":"category","embeddable":true,"href":"https:\/\/gobernacionaltaverapaz.gob.gt\/index.php?rest_route=%2Fwp%2Fv2%2Fcategories&post=19351"},{"taxonomy":"post_tag","embeddable":true,"href":"https:\/\/gobernacionaltaverapaz.gob.gt\/index.php?rest_route=%2Fwp%2Fv2%2Ftags&post=19351"}],"curies":[{"name":"wp","href":"https:\/\/api.w.org\/{rel}","templated":true}]}}