{"id":19360,"date":"2024-08-07T09:06:00","date_gmt":"2024-08-07T15:06:00","guid":{"rendered":"https:\/\/gobernacionaltaverapaz.gob.gt\/?p=19360"},"modified":"2024-09-05T15:19:49","modified_gmt":"2024-09-05T21:19:49","slug":"se-ha-organizado-el-5o-congreso-nacional-de-organizaciones-no-gubernamentales","status":"publish","type":"post","link":"https:\/\/gobernacionaltaverapaz.gob.gt\/?p=19360","title":{"rendered":"Se ha organizado el 5o. Congreso Nacional de Organizaciones No Gubernamentales"},"content":{"rendered":"<div class=\"xdj266r x11i5rnm xat24cr x1mh8g0r x1vvkbs x126k92a\">\n<div dir=\"auto\" style=\"text-align: justify;\">Este a\u00f1o se ha organizado el 5o. Congreso Nacional de Organizaciones No Gubernamentales y c\u00f3mo pre\u00e1mbulo a este evento se han organizado Pre Congresos Regionales con el objetivo de elaborar una agenda com\u00fan.<\/div>\n<\/div>\n<div class=\"x11i5rnm xat24cr x1mh8g0r x1vvkbs xtlvy1s x126k92a\" style=\"text-align: justify;\">\n<div dir=\"auto\">La gobernadora departamental Dilia Margarita C\u00f3 Coy fue invitada a participar en su rol de articulaci\u00f3n de actores que inciden en el departamento de Alta Verapaz.<\/div>\n<\/div>\n<div class=\"x11i5rnm xat24cr x1mh8g0r x1vvkbs xtlvy1s x126k92a\">\n<div dir=\"auto\" style=\"text-align: justify;\">Asimismo fueron invitadas otras instituciones del Estado para establecer consensos en las \u00e1reas de incidencia y alinear los esfuerzos de acuerdo a las 72 Pol\u00edticas de Estado que actualmente est\u00e1n vigentes as\u00ed como con la Pol\u00edtica General de Gobierno del Presidente Bernardo Ar\u00e9valo.<\/div>\n<\/div>\n<p>&nbsp;<\/p>\n<p>&nbsp;<\/p>\n<div><\/div>\n","protected":false},"excerpt":{"rendered":"<p>Este a\u00f1o se ha organizado el 5o. Congreso Nacional de Organizaciones No Gubernamentales y c\u00f3mo pre\u00e1mbulo a este evento se han organizado Pre Congresos Regionales con el objetivo de elaborar una agenda com\u00fan. La gobernadora departamental Dilia Margarita C\u00f3 Coy fue invitada a participar en su rol de articulaci\u00f3n de actores que inciden en el [&hellip;]<\/p>\n","protected":false},"author":1,"featured_media":19361,"comment_status":"closed","ping_status":"open","sticky":false,"template":"","format":"standard","meta":[],"categories":[183],"tags":[178],"_links":{"self":[{"href":"https:\/\/gobernacionaltaverapaz.gob.gt\/index.php?rest_route=\/wp\/v2\/posts\/19360"}],"collection":[{"href":"https:\/\/gobernacionaltaverapaz.gob.gt\/index.php?rest_route=\/wp\/v2\/posts"}],"about":[{"href":"https:\/\/gobernacionaltaverapaz.gob.gt\/index.php?rest_route=\/wp\/v2\/types\/post"}],"author":[{"embeddable":true,"href":"https:\/\/gobernacionaltaverapaz.gob.gt\/index.php?rest_route=\/wp\/v2\/users\/1"}],"replies":[{"embeddable":true,"href":"https:\/\/gobernacionaltaverapaz.gob.gt\/index.php?rest_route=%2Fwp%2Fv2%2Fcomments&post=19360"}],"version-history":[{"count":1,"href":"https:\/\/gobernacionaltaverapaz.gob.gt\/index.php?rest_route=\/wp\/v2\/posts\/19360\/revisions"}],"predecessor-version":[{"id":19362,"href":"https:\/\/gobernacionaltaverapaz.gob.gt\/index.php?rest_route=\/wp\/v2\/posts\/19360\/revisions\/19362"}],"wp:featuredmedia":[{"embeddable":true,"href":"https:\/\/gobernacionaltaverapaz.gob.gt\/index.php?rest_route=\/wp\/v2\/media\/19361"}],"wp:attachment":[{"href":"https:\/\/gobernacionaltaverapaz.gob.gt\/index.php?rest_route=%2Fwp%2Fv2%2Fmedia&parent=19360"}],"wp:term":[{"taxonomy":"category","embeddable":true,"href":"https:\/\/gobernacionaltaverapaz.gob.gt\/index.php?rest_route=%2Fwp%2Fv2%2Fcategories&post=19360"},{"taxonomy":"post_tag","embeddable":true,"href":"https:\/\/gobernacionaltaverapaz.gob.gt\/index.php?rest_route=%2Fwp%2Fv2%2Ftags&post=19360"}],"curies":[{"name":"wp","href":"https:\/\/api.w.org\/{rel}","templated":true}]}}