{"id":19394,"date":"2024-08-09T15:21:52","date_gmt":"2024-08-09T21:21:52","guid":{"rendered":"https:\/\/gobernacionaltaverapaz.gob.gt\/?p=19394"},"modified":"2024-09-05T15:44:10","modified_gmt":"2024-09-05T21:44:10","slug":"inauguracion-del-instituto-basico-aldea-samilha-i","status":"publish","type":"post","link":"https:\/\/gobernacionaltaverapaz.gob.gt\/?p=19394","title":{"rendered":"Inauguraci\u00f3n del Instituto B\u00e1sico Aldea Samilh\u00e1 I"},"content":{"rendered":"<div class=\"html-div xdj266r x11i5rnm xat24cr x1mh8g0r xexx8yu x4uap5 x18d9i69 xkhd6sd\" dir=\"auto\">\n<div id=\":r1k2:\" class=\"x1l90r2v x1pi30zi x1swvt13 x1iorvi4\" data-ad-comet-preview=\"message\" data-ad-preview=\"message\">\n<div class=\"x78zum5 xdt5ytf xz62fqu x16ldp7u\">\n<div class=\"xu06os2 x1ok221b\">\n<div class=\"xdj266r x11i5rnm xat24cr x1mh8g0r x1vvkbs x126k92a\">\n<div dir=\"auto\" style=\"text-align: justify;\">Este pasado mi\u00e9rcoles 7 de agosto la Presidente del CODEDE gobernadora Dilia Margarita C\u00f3 Coy acompa\u00f1ada de Supervisores del Consejo Departamental de Desarrollo, miembros de la Corporaci\u00f3n Municipal y el se\u00f1or alcalde Oscar Garc\u00eda participaron en la inauguraci\u00f3n del Instituto B\u00e1sico Aldea Samilh\u00e1 I, Santa Catalina La Tinta, Alta Verapaz, que se ha concluido y que beneficiar\u00e1 a j\u00f3venes de la comunidad.<\/div>\n<\/div>\n<div class=\"x11i5rnm xat24cr x1mh8g0r x1vvkbs xtlvy1s x126k92a\" style=\"text-align: justify;\">\n<div dir=\"auto\">El 27 de mayo la gobernadora estuvo supervisando el avance de la obra f\u00edsica:<\/div>\n<div dir=\"auto\"><span class=\"html-span xdj266r x11i5rnm xat24cr x1mh8g0r xexx8yu x4uap5 x18d9i69 xkhd6sd x1hl2dhg x16tdsg8 x1vvkbs\"><a class=\"x1i10hfl xjbqb8w x1ejq31n xd10rxx x1sy0etr x17r0tee x972fbf xcfux6l x1qhh985 xm0m39n x9f619 x1ypdohk xt0psk2 xe8uvvx xdj266r x11i5rnm xat24cr x1mh8g0r xexx8yu x4uap5 x18d9i69 xkhd6sd x16tdsg8 x1hl2dhg xggy1nq x1a2a7pz x1sur9pj xkrqix3 xzsf02u x1s688f\" tabindex=\"0\" role=\"link\" href=\"https:\/\/www.facebook.com\/GobernacionAV\/posts\/pfbid02gHym4oukpV7Ym4aMdJhBYmf6fbj8YPNgqwEDtHiEd1XULegVijgkQkDx98NrfSmYl?__cft__[0]=AZVWgs32VSfAi13dY31eT83vgiPOtloRucPun-7yIpqStotQjk_yxpxfjZLzGabEcxTZ1uuGNZbdyYXcszKVDUGrH8bKcnzkXXUcIiaT0b5qoV7UB3vgs0LaOnEAmWFeacsyfuimFuQn38VzUQpaNMk3iFnfbcOwN4e82R3rCcA0UPVSeEuEsk09oC_wBZtKsTflqfvkpbrSmJMNM2a3V1Gq&amp;__tn__=-UK-R\">https:\/\/www.facebook.com\/share\/p\/c5Q3WNV7p5PKnWZ9\/<\/a><\/span><\/div>\n<\/div>\n<div class=\"x11i5rnm xat24cr x1mh8g0r x1vvkbs xtlvy1s x126k92a\" style=\"text-align: justify;\">\n<div dir=\"auto\">El Consejo Departamental de Desarrollo de Alta Verapaz -CODEDEAV- tiene un s\u00f3lido compromiso con el cumplimiento y la cuentadancia de las obras de arrastre que est\u00e1n pendientes en el departamento.<\/div>\n<\/div>\n<div class=\"x11i5rnm xat24cr x1mh8g0r x1vvkbs xtlvy1s x126k92a\">\n<div dir=\"auto\" style=\"text-align: justify;\"><span class=\"html-span xdj266r x11i5rnm xat24cr x1mh8g0r xexx8yu x4uap5 x18d9i69 xkhd6sd x1hl2dhg x16tdsg8 x1vvkbs\"><a class=\"x1i10hfl xjbqb8w x1ejq31n xd10rxx x1sy0etr x17r0tee x972fbf xcfux6l x1qhh985 xm0m39n x9f619 x1ypdohk xt0psk2 xe8uvvx xdj266r x11i5rnm xat24cr x1mh8g0r xexx8yu x4uap5 x18d9i69 xkhd6sd x16tdsg8 x1hl2dhg xggy1nq x1a2a7pz x1sur9pj xkrqix3 x1fey0fg xo1l8bm\" tabindex=\"0\" role=\"link\" href=\"https:\/\/www.facebook.com\/hashtag\/guatemalasaleadelante?__eep__=6&amp;__cft__[0]=AZVWgs32VSfAi13dY31eT83vgiPOtloRucPun-7yIpqStotQjk_yxpxfjZLzGabEcxTZ1uuGNZbdyYXcszKVDUGrH8bKcnzkXXUcIiaT0b5qoV7UB3vgs0LaOnEAmWFeacsyfuimFuQn38VzUQpaNMk3iFnfbcOwN4e82R3rCcA0UPVSeEuEsk09oC_wBZtKsTflqfvkpbrSmJMNM2a3V1Gq&amp;__tn__=*NK-R\">#GuatemalaSaleAdelante<\/a><\/span> <span class=\"html-span xdj266r x11i5rnm xat24cr x1mh8g0r xexx8yu x4uap5 x18d9i69 xkhd6sd x1hl2dhg x16tdsg8 x1vvkbs\"><a class=\"x1i10hfl xjbqb8w x1ejq31n xd10rxx x1sy0etr x17r0tee x972fbf xcfux6l x1qhh985 xm0m39n x9f619 x1ypdohk xt0psk2 xe8uvvx xdj266r x11i5rnm xat24cr x1mh8g0r xexx8yu x4uap5 x18d9i69 xkhd6sd x16tdsg8 x1hl2dhg xggy1nq x1a2a7pz x1sur9pj xkrqix3 x1fey0fg xo1l8bm\" tabindex=\"0\" role=\"link\" href=\"https:\/\/www.facebook.com\/hashtag\/codedeav?__eep__=6&amp;__cft__[0]=AZVWgs32VSfAi13dY31eT83vgiPOtloRucPun-7yIpqStotQjk_yxpxfjZLzGabEcxTZ1uuGNZbdyYXcszKVDUGrH8bKcnzkXXUcIiaT0b5qoV7UB3vgs0LaOnEAmWFeacsyfuimFuQn38VzUQpaNMk3iFnfbcOwN4e82R3rCcA0UPVSeEuEsk09oC_wBZtKsTflqfvkpbrSmJMNM2a3V1Gq&amp;__tn__=*NK-R\">#CODEDEAV<\/a><\/span><\/div>\n<\/div>\n<\/div>\n<\/div>\n<\/div>\n<\/div>\n<p>&nbsp;<\/p>\n<p>&nbsp;<\/p>\n<div><\/div>\n","protected":false},"excerpt":{"rendered":"<p>Este pasado mi\u00e9rcoles 7 de agosto la Presidente del CODEDE gobernadora Dilia Margarita C\u00f3 Coy acompa\u00f1ada de Supervisores del Consejo Departamental de Desarrollo, miembros de la Corporaci\u00f3n Municipal y el se\u00f1or alcalde Oscar Garc\u00eda participaron en la inauguraci\u00f3n del Instituto B\u00e1sico Aldea Samilh\u00e1 I, Santa Catalina La Tinta, Alta Verapaz, que se ha concluido y [&hellip;]<\/p>\n","protected":false},"author":1,"featured_media":19395,"comment_status":"closed","ping_status":"open","sticky":false,"template":"","format":"standard","meta":[],"categories":[183,2],"tags":[178],"_links":{"self":[{"href":"https:\/\/gobernacionaltaverapaz.gob.gt\/index.php?rest_route=\/wp\/v2\/posts\/19394"}],"collection":[{"href":"https:\/\/gobernacionaltaverapaz.gob.gt\/index.php?rest_route=\/wp\/v2\/posts"}],"about":[{"href":"https:\/\/gobernacionaltaverapaz.gob.gt\/index.php?rest_route=\/wp\/v2\/types\/post"}],"author":[{"embeddable":true,"href":"https:\/\/gobernacionaltaverapaz.gob.gt\/index.php?rest_route=\/wp\/v2\/users\/1"}],"replies":[{"embeddable":true,"href":"https:\/\/gobernacionaltaverapaz.gob.gt\/index.php?rest_route=%2Fwp%2Fv2%2Fcomments&post=19394"}],"version-history":[{"count":1,"href":"https:\/\/gobernacionaltaverapaz.gob.gt\/index.php?rest_route=\/wp\/v2\/posts\/19394\/revisions"}],"predecessor-version":[{"id":19396,"href":"https:\/\/gobernacionaltaverapaz.gob.gt\/index.php?rest_route=\/wp\/v2\/posts\/19394\/revisions\/19396"}],"wp:featuredmedia":[{"embeddable":true,"href":"https:\/\/gobernacionaltaverapaz.gob.gt\/index.php?rest_route=\/wp\/v2\/media\/19395"}],"wp:attachment":[{"href":"https:\/\/gobernacionaltaverapaz.gob.gt\/index.php?rest_route=%2Fwp%2Fv2%2Fmedia&parent=19394"}],"wp:term":[{"taxonomy":"category","embeddable":true,"href":"https:\/\/gobernacionaltaverapaz.gob.gt\/index.php?rest_route=%2Fwp%2Fv2%2Fcategories&post=19394"},{"taxonomy":"post_tag","embeddable":true,"href":"https:\/\/gobernacionaltaverapaz.gob.gt\/index.php?rest_route=%2Fwp%2Fv2%2Ftags&post=19394"}],"curies":[{"name":"wp","href":"https:\/\/api.w.org\/{rel}","templated":true}]}}