{"id":19429,"date":"2024-08-13T07:42:25","date_gmt":"2024-08-13T13:42:25","guid":{"rendered":"https:\/\/gobernacionaltaverapaz.gob.gt\/?p=19429"},"modified":"2024-09-05T16:07:40","modified_gmt":"2024-09-05T22:07:40","slug":"juegos-deportivos-nacionales-que-se-realizaran-en-mazatenango","status":"publish","type":"post","link":"https:\/\/gobernacionaltaverapaz.gob.gt\/?p=19429","title":{"rendered":"Juegos Deportivos Nacionales que se realizar\u00e1n en Mazatenango"},"content":{"rendered":"<div class=\"xdj266r x11i5rnm xat24cr x1mh8g0r x1vvkbs x126k92a\">\n<div dir=\"auto\" style=\"text-align: justify;\">Este lunes 12 de agosto de 2024 en horas de la tarde la Gobernadora Departamental Dilia Margarita C\u00f3 Coy tuvo a bien Juramentar a los atletas federados de la Asociaci\u00f3n Departamental de Nataci\u00f3n de Alta Verapaz que van a representar al departamento en los Juegos Deportivos Nacionales que se realizar\u00e1n en Mazatenango, Suchitep\u00e9quez del 15 al 17 de agosto de 2024.<\/div>\n<\/div>\n<div class=\"x11i5rnm xat24cr x1mh8g0r x1vvkbs xtlvy1s x126k92a\">\n<div dir=\"auto\" style=\"text-align: justify;\">Le deseamos a los j\u00f3venes deportistas muchos \u00e9xitos en su participaci\u00f3n y esperamos que vuelvan con una enriquecedora experiencia.<\/div>\n<\/div>\n<p>&nbsp;<\/p>\n<div><\/div>\n","protected":false},"excerpt":{"rendered":"<p>Este lunes 12 de agosto de 2024 en horas de la tarde la Gobernadora Departamental Dilia Margarita C\u00f3 Coy tuvo a bien Juramentar a los atletas federados de la Asociaci\u00f3n Departamental de Nataci\u00f3n de Alta Verapaz que van a representar al departamento en los Juegos Deportivos Nacionales que se realizar\u00e1n en Mazatenango, Suchitep\u00e9quez del 15 [&hellip;]<\/p>\n","protected":false},"author":1,"featured_media":19430,"comment_status":"closed","ping_status":"open","sticky":false,"template":"","format":"standard","meta":[],"categories":[183,177],"tags":[178],"_links":{"self":[{"href":"https:\/\/gobernacionaltaverapaz.gob.gt\/index.php?rest_route=\/wp\/v2\/posts\/19429"}],"collection":[{"href":"https:\/\/gobernacionaltaverapaz.gob.gt\/index.php?rest_route=\/wp\/v2\/posts"}],"about":[{"href":"https:\/\/gobernacionaltaverapaz.gob.gt\/index.php?rest_route=\/wp\/v2\/types\/post"}],"author":[{"embeddable":true,"href":"https:\/\/gobernacionaltaverapaz.gob.gt\/index.php?rest_route=\/wp\/v2\/users\/1"}],"replies":[{"embeddable":true,"href":"https:\/\/gobernacionaltaverapaz.gob.gt\/index.php?rest_route=%2Fwp%2Fv2%2Fcomments&post=19429"}],"version-history":[{"count":1,"href":"https:\/\/gobernacionaltaverapaz.gob.gt\/index.php?rest_route=\/wp\/v2\/posts\/19429\/revisions"}],"predecessor-version":[{"id":19431,"href":"https:\/\/gobernacionaltaverapaz.gob.gt\/index.php?rest_route=\/wp\/v2\/posts\/19429\/revisions\/19431"}],"wp:featuredmedia":[{"embeddable":true,"href":"https:\/\/gobernacionaltaverapaz.gob.gt\/index.php?rest_route=\/wp\/v2\/media\/19430"}],"wp:attachment":[{"href":"https:\/\/gobernacionaltaverapaz.gob.gt\/index.php?rest_route=%2Fwp%2Fv2%2Fmedia&parent=19429"}],"wp:term":[{"taxonomy":"category","embeddable":true,"href":"https:\/\/gobernacionaltaverapaz.gob.gt\/index.php?rest_route=%2Fwp%2Fv2%2Fcategories&post=19429"},{"taxonomy":"post_tag","embeddable":true,"href":"https:\/\/gobernacionaltaverapaz.gob.gt\/index.php?rest_route=%2Fwp%2Fv2%2Ftags&post=19429"}],"curies":[{"name":"wp","href":"https:\/\/api.w.org\/{rel}","templated":true}]}}