{"id":19438,"date":"2024-08-13T09:30:38","date_gmt":"2024-08-13T15:30:38","guid":{"rendered":"https:\/\/gobernacionaltaverapaz.gob.gt\/?p=19438"},"modified":"2024-09-05T16:14:00","modified_gmt":"2024-09-05T22:14:00","slug":"reunion-interinstitucional-para-elaborar-el-protocolo-de-gestion-de-albergues","status":"publish","type":"post","link":"https:\/\/gobernacionaltaverapaz.gob.gt\/?p=19438","title":{"rendered":"Reuni\u00f3n interinstitucional para elaborar el protocolo de Gesti\u00f3n de Albergues"},"content":{"rendered":"<div class=\"xdj266r x11i5rnm xat24cr x1mh8g0r x1vvkbs x126k92a\">\n<div dir=\"auto\" style=\"text-align: justify;\">En articulaci\u00f3n con la Secretar\u00eda de Obras Sociales de la Presidencia -SOSEP- y la Secretaria Ejecutiva de Coordinadora Nacional para la Reducci\u00f3n de Desastres -SE CONRED- se llev\u00f3 a cabo la reuni\u00f3n interinstitucional para elaborar el protocolo de Gesti\u00f3n de Albergues en caso de una emergencia en el departamento desde el COED.<\/div>\n<\/div>\n<div class=\"x11i5rnm xat24cr x1mh8g0r x1vvkbs xtlvy1s x126k92a\" style=\"text-align: justify;\">\n<div dir=\"auto\">COED es el Centro de Operaciones de Emergencia Departamental, conformado por representantes de instituciones que tienen la responsabilidad de asistir a la comunidad afectada por incidentes derivados de sismos, inundaciones, deslizamientos, derrumbes, actividad volc\u00e1nica e incendios forestales, por mencionar algunos.<\/div>\n<\/div>\n<div class=\"x11i5rnm xat24cr x1mh8g0r x1vvkbs xtlvy1s x126k92a\" style=\"text-align: justify;\">\n<div dir=\"auto\">La Gobernaci\u00f3n Departamental de Alta Verapaz, facilita los espacios y coordina estas actividades para que durante las potenciales eventualidades ya exista una adecuada comunicaci\u00f3n entre Instituciones el Ejecutivo, Municipalidades, Organizaciones No Gubernamentales y Comunidades para no duplicar esfuerzos y agilizar la ayuda humanitaria en este tipo de situaciones.<\/div>\n<\/div>\n<div class=\"x11i5rnm xat24cr x1mh8g0r x1vvkbs xtlvy1s x126k92a\">\n<div dir=\"auto\" style=\"text-align: justify;\">La elaboraci\u00f3n de estos protocolos y la creaci\u00f3n de los directorios de comunicaci\u00f3n busca garantizar la eficiencia y coordinaci\u00f3n interinstitucional, parte de la modernizaci\u00f3n del Estado.<\/div>\n<div dir=\"auto\" style=\"text-align: justify;\"><\/div>\n<\/div>\n<div class=\"x11i5rnm xat24cr x1mh8g0r x1vvkbs xtlvy1s x126k92a\">\n<div dir=\"auto\">Cob\u00e1n, Alta Verapaz, 12 de agosto de 2024<\/div>\n<\/div>\n<p>&nbsp;<\/p>\n<p>&nbsp;<\/p>\n<div><\/div>\n","protected":false},"excerpt":{"rendered":"<p>En articulaci\u00f3n con la Secretar\u00eda de Obras Sociales de la Presidencia -SOSEP- y la Secretaria Ejecutiva de Coordinadora Nacional para la Reducci\u00f3n de Desastres -SE CONRED- se llev\u00f3 a cabo la reuni\u00f3n interinstitucional para elaborar el protocolo de Gesti\u00f3n de Albergues en caso de una emergencia en el departamento desde el COED. COED es el [&hellip;]<\/p>\n","protected":false},"author":1,"featured_media":19439,"comment_status":"closed","ping_status":"open","sticky":false,"template":"","format":"standard","meta":[],"categories":[183,194],"tags":[178],"_links":{"self":[{"href":"https:\/\/gobernacionaltaverapaz.gob.gt\/index.php?rest_route=\/wp\/v2\/posts\/19438"}],"collection":[{"href":"https:\/\/gobernacionaltaverapaz.gob.gt\/index.php?rest_route=\/wp\/v2\/posts"}],"about":[{"href":"https:\/\/gobernacionaltaverapaz.gob.gt\/index.php?rest_route=\/wp\/v2\/types\/post"}],"author":[{"embeddable":true,"href":"https:\/\/gobernacionaltaverapaz.gob.gt\/index.php?rest_route=\/wp\/v2\/users\/1"}],"replies":[{"embeddable":true,"href":"https:\/\/gobernacionaltaverapaz.gob.gt\/index.php?rest_route=%2Fwp%2Fv2%2Fcomments&post=19438"}],"version-history":[{"count":1,"href":"https:\/\/gobernacionaltaverapaz.gob.gt\/index.php?rest_route=\/wp\/v2\/posts\/19438\/revisions"}],"predecessor-version":[{"id":19440,"href":"https:\/\/gobernacionaltaverapaz.gob.gt\/index.php?rest_route=\/wp\/v2\/posts\/19438\/revisions\/19440"}],"wp:featuredmedia":[{"embeddable":true,"href":"https:\/\/gobernacionaltaverapaz.gob.gt\/index.php?rest_route=\/wp\/v2\/media\/19439"}],"wp:attachment":[{"href":"https:\/\/gobernacionaltaverapaz.gob.gt\/index.php?rest_route=%2Fwp%2Fv2%2Fmedia&parent=19438"}],"wp:term":[{"taxonomy":"category","embeddable":true,"href":"https:\/\/gobernacionaltaverapaz.gob.gt\/index.php?rest_route=%2Fwp%2Fv2%2Fcategories&post=19438"},{"taxonomy":"post_tag","embeddable":true,"href":"https:\/\/gobernacionaltaverapaz.gob.gt\/index.php?rest_route=%2Fwp%2Fv2%2Ftags&post=19438"}],"curies":[{"name":"wp","href":"https:\/\/api.w.org\/{rel}","templated":true}]}}