{"id":19448,"date":"2024-08-13T11:00:14","date_gmt":"2024-08-13T17:00:14","guid":{"rendered":"https:\/\/gobernacionaltaverapaz.gob.gt\/?p=19448"},"modified":"2024-09-05T16:25:52","modified_gmt":"2024-09-05T22:25:52","slug":"la-mesa-de-conflictividad-se-reunio-para-abordar-varios-problemas-en-alta-verapaz-2","status":"publish","type":"post","link":"https:\/\/gobernacionaltaverapaz.gob.gt\/?p=19448","title":{"rendered":"La Mesa de Conflictividad se reuni\u00f3 para abordar varios problemas en Alta Verapaz"},"content":{"rendered":"<div class=\"html-div xdj266r x11i5rnm xat24cr x1mh8g0r xexx8yu x4uap5 x18d9i69 xkhd6sd\" dir=\"auto\">\n<div id=\":r1c9:\" class=\"x1l90r2v x1pi30zi x1swvt13 x1iorvi4\" data-ad-comet-preview=\"message\" data-ad-preview=\"message\">\n<div class=\"x78zum5 xdt5ytf xz62fqu x16ldp7u\">\n<div class=\"xu06os2 x1ok221b\">\n<div class=\"xdj266r x11i5rnm xat24cr x1mh8g0r x1vvkbs x126k92a\">\n<div dir=\"auto\" style=\"text-align: justify;\">Desde la Gobernaci\u00f3n Departamental de Alta Verapaz, se abordan asuntos de inter\u00e9s regional desde mesas espec\u00edficas de trabajo. La Mesa de Conflictividad gestiona la b\u00fasqueda de soluciones a problematicas que generan conflictos en las comunidades y evitar que est\u00e1s evolucionen a situaciones de crisis.<\/div>\n<\/div>\n<div class=\"x11i5rnm xat24cr x1mh8g0r x1vvkbs xtlvy1s x126k92a\" style=\"text-align: justify;\">\n<div dir=\"auto\">El d\u00eda de ayer sotuvo una reuni\u00f3n en la que se escucharon a las partes que viven el conflicto que existe en la comunidad Semuc del municipio de Cob\u00e1n y una empresa privada por la falta de certeza en la extensi\u00f3n de la comunidad, que debe ser seg\u00fan ellos de 15 caballer\u00edas y que actualmente \u00fanicamente tiene 13, la empresa aduce que la comunidad tiene lo que les corresponde, el conflicto ha limitado el flujo de producci\u00f3n de la empresa. La mesa ha establecido una ruta de abordaje para su gesti\u00f3n y transformaci\u00f3n.<\/div>\n<\/div>\n<div class=\"x11i5rnm xat24cr x1mh8g0r x1vvkbs xtlvy1s x126k92a\">\n<div dir=\"auto\" style=\"text-align: justify;\"><span class=\"html-span xdj266r x11i5rnm xat24cr x1mh8g0r xexx8yu x4uap5 x18d9i69 xkhd6sd x1hl2dhg x16tdsg8 x1vvkbs\"><a class=\"x1i10hfl xjbqb8w x1ejq31n xd10rxx x1sy0etr x17r0tee x972fbf xcfux6l x1qhh985 xm0m39n x9f619 x1ypdohk xt0psk2 xe8uvvx xdj266r x11i5rnm xat24cr x1mh8g0r xexx8yu x4uap5 x18d9i69 xkhd6sd x16tdsg8 x1hl2dhg xggy1nq x1a2a7pz x1sur9pj xkrqix3 x1fey0fg xo1l8bm\" tabindex=\"0\" role=\"link\" href=\"https:\/\/www.facebook.com\/hashtag\/altaverapazsaleadelante?__eep__=6&amp;__cft__[0]=AZW7duVa80HKhkrGntmWpE3AVGO34R5VI85HnBgaZsrSQtveRf32B-Zv54jC0t2GPsM_wSUJqmA4jJWj5arqIkpPAPhRGSAwYDcjQLqvg7yUiXmaAvmYgLy86xmsnnd5dS4P-GhPtZ8BeZ3ZImxCwOAKQZq1NGf-ZjA83hrApRkrCx0uQ-7O3HiiG-fmJANVXLOyPKX0AVS01f2Eyz-6eKvN&amp;__tn__=*NK-R\">#AltaVerapazSaleAdelante<\/a><\/span> <span class=\"html-span xdj266r x11i5rnm xat24cr x1mh8g0r xexx8yu x4uap5 x18d9i69 xkhd6sd x1hl2dhg x16tdsg8 x1vvkbs\"><a class=\"x1i10hfl xjbqb8w x1ejq31n xd10rxx x1sy0etr x17r0tee x972fbf xcfux6l x1qhh985 xm0m39n x9f619 x1ypdohk xt0psk2 xe8uvvx xdj266r x11i5rnm xat24cr x1mh8g0r xexx8yu x4uap5 x18d9i69 xkhd6sd x16tdsg8 x1hl2dhg xggy1nq x1a2a7pz x1sur9pj xkrqix3 x1fey0fg xo1l8bm\" tabindex=\"0\" role=\"link\" href=\"https:\/\/www.facebook.com\/hashtag\/cdacav?__eep__=6&amp;__cft__[0]=AZW7duVa80HKhkrGntmWpE3AVGO34R5VI85HnBgaZsrSQtveRf32B-Zv54jC0t2GPsM_wSUJqmA4jJWj5arqIkpPAPhRGSAwYDcjQLqvg7yUiXmaAvmYgLy86xmsnnd5dS4P-GhPtZ8BeZ3ZImxCwOAKQZq1NGf-ZjA83hrApRkrCx0uQ-7O3HiiG-fmJANVXLOyPKX0AVS01f2Eyz-6eKvN&amp;__tn__=*NK-R\">#CDACAV<\/a><\/span><\/div>\n<\/div>\n<\/div>\n<\/div>\n<\/div>\n<\/div>\n<p>&nbsp;<\/p>\n<div><\/div>\n","protected":false},"excerpt":{"rendered":"<p>Desde la Gobernaci\u00f3n Departamental de Alta Verapaz, se abordan asuntos de inter\u00e9s regional desde mesas espec\u00edficas de trabajo. La Mesa de Conflictividad gestiona la b\u00fasqueda de soluciones a problematicas que generan conflictos en las comunidades y evitar que est\u00e1s evolucionen a situaciones de crisis. El d\u00eda de ayer sotuvo una reuni\u00f3n en la que se [&hellip;]<\/p>\n","protected":false},"author":1,"featured_media":19449,"comment_status":"closed","ping_status":"open","sticky":false,"template":"","format":"standard","meta":[],"categories":[183],"tags":[178],"_links":{"self":[{"href":"https:\/\/gobernacionaltaverapaz.gob.gt\/index.php?rest_route=\/wp\/v2\/posts\/19448"}],"collection":[{"href":"https:\/\/gobernacionaltaverapaz.gob.gt\/index.php?rest_route=\/wp\/v2\/posts"}],"about":[{"href":"https:\/\/gobernacionaltaverapaz.gob.gt\/index.php?rest_route=\/wp\/v2\/types\/post"}],"author":[{"embeddable":true,"href":"https:\/\/gobernacionaltaverapaz.gob.gt\/index.php?rest_route=\/wp\/v2\/users\/1"}],"replies":[{"embeddable":true,"href":"https:\/\/gobernacionaltaverapaz.gob.gt\/index.php?rest_route=%2Fwp%2Fv2%2Fcomments&post=19448"}],"version-history":[{"count":2,"href":"https:\/\/gobernacionaltaverapaz.gob.gt\/index.php?rest_route=\/wp\/v2\/posts\/19448\/revisions"}],"predecessor-version":[{"id":19451,"href":"https:\/\/gobernacionaltaverapaz.gob.gt\/index.php?rest_route=\/wp\/v2\/posts\/19448\/revisions\/19451"}],"wp:featuredmedia":[{"embeddable":true,"href":"https:\/\/gobernacionaltaverapaz.gob.gt\/index.php?rest_route=\/wp\/v2\/media\/19449"}],"wp:attachment":[{"href":"https:\/\/gobernacionaltaverapaz.gob.gt\/index.php?rest_route=%2Fwp%2Fv2%2Fmedia&parent=19448"}],"wp:term":[{"taxonomy":"category","embeddable":true,"href":"https:\/\/gobernacionaltaverapaz.gob.gt\/index.php?rest_route=%2Fwp%2Fv2%2Fcategories&post=19448"},{"taxonomy":"post_tag","embeddable":true,"href":"https:\/\/gobernacionaltaverapaz.gob.gt\/index.php?rest_route=%2Fwp%2Fv2%2Ftags&post=19448"}],"curies":[{"name":"wp","href":"https:\/\/api.w.org\/{rel}","templated":true}]}}