{"id":19456,"date":"2024-08-13T13:30:44","date_gmt":"2024-08-13T19:30:44","guid":{"rendered":"https:\/\/gobernacionaltaverapaz.gob.gt\/?p=19456"},"modified":"2024-09-05T16:31:07","modified_gmt":"2024-09-05T22:31:07","slug":"proyecto-de-ampliacion-de-la-carretera-ca-14","status":"publish","type":"post","link":"https:\/\/gobernacionaltaverapaz.gob.gt\/?p=19456","title":{"rendered":"Proyecto de Ampliaci\u00f3n de la Carretera CA-14"},"content":{"rendered":"<div class=\"html-div xdj266r x11i5rnm xat24cr x1mh8g0r xexx8yu x4uap5 x18d9i69 xkhd6sd\" dir=\"auto\">\n<div id=\":r1bi:\" class=\"x1l90r2v x1pi30zi x1swvt13 x1iorvi4\" data-ad-comet-preview=\"message\" data-ad-preview=\"message\">\n<div class=\"x78zum5 xdt5ytf xz62fqu x16ldp7u\">\n<div class=\"xu06os2 x1ok221b\">\n<div class=\"xdj266r x11i5rnm xat24cr x1mh8g0r x1vvkbs x126k92a\">\n<div dir=\"auto\" style=\"text-align: justify;\">La Gobernadora Departamental Dilia Margarita C\u00f3 Coy sostuvo una reuni\u00f3n con funcionarios del Ministerio de Comunicaciones, Infraestructura y Vivienda -MICIVI-, representantes de la constructora Corporaci\u00f3n San Francisco y habitantes en zonas aleda\u00f1as al proyecto de Ampliaci\u00f3n de la Carretera CA-14 con el objetivo de conocer el estado del avance de la obra.<\/div>\n<\/div>\n<div class=\"x11i5rnm xat24cr x1mh8g0r x1vvkbs xtlvy1s x126k92a\" style=\"text-align: justify;\">\n<div dir=\"auto\">En la reuni\u00f3n se abordaron rutas de solucion a algunos problemas que han surgido en el \u00e1rea afectada y los siguientes pasos a seguir para agilizar el avance de la obra de desarrollo del departamento.<\/div>\n<\/div>\n<div class=\"x11i5rnm xat24cr x1mh8g0r x1vvkbs xtlvy1s x126k92a\" style=\"text-align: justify;\">\n<div dir=\"auto\">En el siguiente enlace puede visualizar la ficha de avance del proyecto:<\/div>\n<div dir=\"auto\"><span class=\"html-span xdj266r x11i5rnm xat24cr x1mh8g0r xexx8yu x4uap5 x18d9i69 xkhd6sd x1hl2dhg x16tdsg8 x1vvkbs\"><a class=\"x1i10hfl xjbqb8w x1ejq31n xd10rxx x1sy0etr x17r0tee x972fbf xcfux6l x1qhh985 xm0m39n x9f619 x1ypdohk xt0psk2 xe8uvvx xdj266r x11i5rnm xat24cr x1mh8g0r xexx8yu x4uap5 x18d9i69 xkhd6sd x16tdsg8 x1hl2dhg xggy1nq x1a2a7pz x1sur9pj xkrqix3 x1fey0fg\" tabindex=\"0\" role=\"link\" href=\"https:\/\/sistemas.segeplan.gob.gt\/reports\/rwservlet?rpp_gen&amp;report=snrpsg%24boleta2020&amp;prm_proyecto=301553&amp;prm_ejercicio=2024&amp;fbclid=IwZXh0bgNhZW0CMTAAAR1eaxvSLNpdg0IbKWNaTqUUir43UEO1K-87zbKZRiTiiGMhwk9BNN4K2z4_aem_cMKzsMc40l9xRzyQqe0-Ww\" target=\"_blank\" rel=\"nofollow noopener noreferrer\">https:\/\/sistemas.segeplan.gob.gt\/reports\/rwservlet?rpp_gen&amp;report=snrpsg$boleta2020&amp;prm_proyecto=301553&amp;prm_ejercicio=2024<\/a><\/span><\/div>\n<\/div>\n<div class=\"x11i5rnm xat24cr x1mh8g0r x1vvkbs xtlvy1s x126k92a\" style=\"text-align: justify;\">\n<div dir=\"auto\">Puede acceder al proceso de adjudicaci\u00f3n en Guatecompras en el siguient enlace:<\/div>\n<div dir=\"auto\"><span class=\"html-span xdj266r x11i5rnm xat24cr x1mh8g0r xexx8yu x4uap5 x18d9i69 xkhd6sd x1hl2dhg x16tdsg8 x1vvkbs\"><a class=\"x1i10hfl xjbqb8w x1ejq31n xd10rxx x1sy0etr x17r0tee x972fbf xcfux6l x1qhh985 xm0m39n x9f619 x1ypdohk xt0psk2 xe8uvvx xdj266r x11i5rnm xat24cr x1mh8g0r xexx8yu x4uap5 x18d9i69 xkhd6sd x16tdsg8 x1hl2dhg xggy1nq x1a2a7pz x1sur9pj xkrqix3 x1fey0fg\" tabindex=\"0\" role=\"link\" href=\"https:\/\/www.guatecompras.gt\/concursos\/consultaConcurso.aspx?nog=17894212&amp;o=4&amp;fbclid=IwZXh0bgNhZW0CMTAAAR30XIiDGFrbQlw7W-LPDakGWcSCsYJCSPD4lDDTXEkd5hUbbpwvwyES36c_aem_Udn3a6t8cDvPaVGngMh7Lw\" target=\"_blank\" rel=\"nofollow noopener noreferrer\">https:\/\/www.guatecompras.gt\/conc&#8230;\/consultaConcurso.aspx&#8230;<\/a><\/span><\/div>\n<\/div>\n<div class=\"x11i5rnm xat24cr x1mh8g0r x1vvkbs xtlvy1s x126k92a\" style=\"text-align: justify;\">\n<div dir=\"auto\">Este proyecto es Financiado por el Ministerio de Comunicaci\u00f3n y lo ejecuta la Direcci\u00f3n General de Caminos, no forma parte de los proyectos del CODEDEAV.<\/div>\n<\/div>\n<div class=\"x11i5rnm xat24cr x1mh8g0r x1vvkbs xtlvy1s x126k92a\">\n<div dir=\"auto\" style=\"text-align: justify;\"><span class=\"html-span xdj266r x11i5rnm xat24cr x1mh8g0r xexx8yu x4uap5 x18d9i69 xkhd6sd x1hl2dhg x16tdsg8 x1vvkbs\"><a class=\"x1i10hfl xjbqb8w x1ejq31n xd10rxx x1sy0etr x17r0tee x972fbf xcfux6l x1qhh985 xm0m39n x9f619 x1ypdohk xt0psk2 xe8uvvx xdj266r x11i5rnm xat24cr x1mh8g0r xexx8yu x4uap5 x18d9i69 xkhd6sd x16tdsg8 x1hl2dhg xggy1nq x1a2a7pz x1sur9pj xkrqix3 x1fey0fg xo1l8bm\" tabindex=\"0\" role=\"link\" href=\"https:\/\/www.facebook.com\/hashtag\/guatemalasaleadelante?__eep__=6&amp;__cft__[0]=AZUouDHzIWLWTjRuDjKo3UVexXEWaoFt81Vyxd9bWDqM-GOsUx6_K_R1FjZUCxak3F8JEXxWStfAQ3mBmQzqrgcRyi5hkjozO6hJ0J7NiHuE3bL6kUs7__KTOVRzQwch0yT0QLXKeE4X7FjyHEdyBpklbuYYutDXO5D6NUkdpVdxt-PgMG0JIJZIaALYUSIVGPGll0Za7Kn4O7ymsvhQPniy&amp;__tn__=*NK-R\">#GuatemalaSaleAdelante<\/a><\/span> <span class=\"html-span xdj266r x11i5rnm xat24cr x1mh8g0r xexx8yu x4uap5 x18d9i69 xkhd6sd x1hl2dhg x16tdsg8 x1vvkbs\"><a class=\"x1i10hfl xjbqb8w x1ejq31n xd10rxx x1sy0etr x17r0tee x972fbf xcfux6l x1qhh985 xm0m39n x9f619 x1ypdohk xt0psk2 xe8uvvx xdj266r x11i5rnm xat24cr x1mh8g0r xexx8yu x4uap5 x18d9i69 xkhd6sd x16tdsg8 x1hl2dhg xggy1nq x1a2a7pz x1sur9pj xkrqix3 x1fey0fg xo1l8bm\" tabindex=\"0\" role=\"link\" href=\"https:\/\/www.facebook.com\/civguate?__cft__[0]=AZUouDHzIWLWTjRuDjKo3UVexXEWaoFt81Vyxd9bWDqM-GOsUx6_K_R1FjZUCxak3F8JEXxWStfAQ3mBmQzqrgcRyi5hkjozO6hJ0J7NiHuE3bL6kUs7__KTOVRzQwch0yT0QLXKeE4X7FjyHEdyBpklbuYYutDXO5D6NUkdpVdxt-PgMG0JIJZIaALYUSIVGPGll0Za7Kn4O7ymsvhQPniy&amp;__tn__=-]K-R\"><span class=\"xt0psk2\">Ministerio de Comunicaciones, Infraestructura y Vivienda-CIV<\/span><\/a><\/span><\/div>\n<\/div>\n<\/div>\n<\/div>\n<\/div>\n<\/div>\n<p>&nbsp;<\/p>\n<div><\/div>\n","protected":false},"excerpt":{"rendered":"<p>La Gobernadora Departamental Dilia Margarita C\u00f3 Coy sostuvo una reuni\u00f3n con funcionarios del Ministerio de Comunicaciones, Infraestructura y Vivienda -MICIVI-, representantes de la constructora Corporaci\u00f3n San Francisco y habitantes en zonas aleda\u00f1as al proyecto de Ampliaci\u00f3n de la Carretera CA-14 con el objetivo de conocer el estado del avance de la obra. En la reuni\u00f3n [&hellip;]<\/p>\n","protected":false},"author":1,"featured_media":19458,"comment_status":"closed","ping_status":"open","sticky":false,"template":"","format":"standard","meta":[],"categories":[4],"tags":[178],"_links":{"self":[{"href":"https:\/\/gobernacionaltaverapaz.gob.gt\/index.php?rest_route=\/wp\/v2\/posts\/19456"}],"collection":[{"href":"https:\/\/gobernacionaltaverapaz.gob.gt\/index.php?rest_route=\/wp\/v2\/posts"}],"about":[{"href":"https:\/\/gobernacionaltaverapaz.gob.gt\/index.php?rest_route=\/wp\/v2\/types\/post"}],"author":[{"embeddable":true,"href":"https:\/\/gobernacionaltaverapaz.gob.gt\/index.php?rest_route=\/wp\/v2\/users\/1"}],"replies":[{"embeddable":true,"href":"https:\/\/gobernacionaltaverapaz.gob.gt\/index.php?rest_route=%2Fwp%2Fv2%2Fcomments&post=19456"}],"version-history":[{"count":1,"href":"https:\/\/gobernacionaltaverapaz.gob.gt\/index.php?rest_route=\/wp\/v2\/posts\/19456\/revisions"}],"predecessor-version":[{"id":19457,"href":"https:\/\/gobernacionaltaverapaz.gob.gt\/index.php?rest_route=\/wp\/v2\/posts\/19456\/revisions\/19457"}],"wp:featuredmedia":[{"embeddable":true,"href":"https:\/\/gobernacionaltaverapaz.gob.gt\/index.php?rest_route=\/wp\/v2\/media\/19458"}],"wp:attachment":[{"href":"https:\/\/gobernacionaltaverapaz.gob.gt\/index.php?rest_route=%2Fwp%2Fv2%2Fmedia&parent=19456"}],"wp:term":[{"taxonomy":"category","embeddable":true,"href":"https:\/\/gobernacionaltaverapaz.gob.gt\/index.php?rest_route=%2Fwp%2Fv2%2Fcategories&post=19456"},{"taxonomy":"post_tag","embeddable":true,"href":"https:\/\/gobernacionaltaverapaz.gob.gt\/index.php?rest_route=%2Fwp%2Fv2%2Ftags&post=19456"}],"curies":[{"name":"wp","href":"https:\/\/api.w.org\/{rel}","templated":true}]}}