{"id":19470,"date":"2024-08-13T16:00:05","date_gmt":"2024-08-13T22:00:05","guid":{"rendered":"https:\/\/gobernacionaltaverapaz.gob.gt\/?p=19470"},"modified":"2024-09-05T16:38:00","modified_gmt":"2024-09-05T22:38:00","slug":"talleres-titulado-fortalecimiento-a-la-articulacion-interinstitucional-desconcentrada-con-enfoque-territorial","status":"publish","type":"post","link":"https:\/\/gobernacionaltaverapaz.gob.gt\/?p=19470","title":{"rendered":"Talleres titulado &#8220;Fortalecimiento a la Articulaci\u00f3n Interinstitucional Desconcentrada con Enfoque Territorial"},"content":{"rendered":"<div class=\"html-div xdj266r x11i5rnm xat24cr x1mh8g0r xexx8yu x4uap5 x18d9i69 xkhd6sd\" dir=\"auto\">\n<div id=\":r1ap:\" class=\"x1l90r2v x1pi30zi x1swvt13 x1iorvi4\" data-ad-comet-preview=\"message\" data-ad-preview=\"message\">\n<div class=\"x78zum5 xdt5ytf xz62fqu x16ldp7u\">\n<div class=\"xu06os2 x1ok221b\">\n<div class=\"xdj266r x11i5rnm xat24cr x1mh8g0r x1vvkbs x126k92a\">\n<div dir=\"auto\" style=\"text-align: justify;\">Este martes 13 de agosto de 2024, las instituciones del ejecutivo en Alta Verapaz dieron inicio al Ciclo de Talleres titulado &#8220;Fortalecimiento a la Articulaci\u00f3n Interinstitucional Desconcentrada con Enfoque Territorial en el Departamento de Alta Verapaz&#8221;.<\/div>\n<\/div>\n<div class=\"x11i5rnm xat24cr x1mh8g0r x1vvkbs xtlvy1s x126k92a\" style=\"text-align: justify;\">\n<div dir=\"auto\">El evento, que tuvo lugar en el Sal\u00f3n de las Am\u00e9ricas, comenz\u00f3 a las 8:00 y concluy\u00f3 a las 13:00 horas. Durante esta jornada, se abordaron temas cruciales como la Gesti\u00f3n y Administraci\u00f3n P\u00fablica, Territorialidad, Descentralizaci\u00f3n y Desconcentraci\u00f3n, con el objetivo de potenciar las competencias de los funcionarios p\u00fablicos.<\/div>\n<\/div>\n<div class=\"x11i5rnm xat24cr x1mh8g0r x1vvkbs xtlvy1s x126k92a\" style=\"text-align: justify;\">\n<div dir=\"auto\">Este esfuerzo es parte del compromiso del Gobierno del Presidente Bernardo Ar\u00e9valo y la Vicepresidenta Karin Herrera para fortalecer los Gobiernos Departamentales, asegurando una administraci\u00f3n m\u00e1s eficiente y cercana a las necesidades locales.<\/div>\n<\/div>\n<div class=\"x11i5rnm xat24cr x1mh8g0r x1vvkbs xtlvy1s x126k92a\" style=\"text-align: justify;\">\n<div dir=\"auto\">El ciclo de talleres es liderado por el Instituto Nacional de Administraci\u00f3n P\u00fablica (INAP), con el respaldo de la Secretar\u00eda de Coordinaci\u00f3n Ejecutiva de la Presidencia (SCEP), la Secretar\u00eda de Planificaci\u00f3n y Programaci\u00f3n de la Presidencia (SEGEPLAN) y la Gobernaci\u00f3n Departamental de Alta Verapaz.<\/div>\n<\/div>\n<div class=\"x11i5rnm xat24cr x1mh8g0r x1vvkbs xtlvy1s x126k92a\" style=\"text-align: justify;\">\n<div dir=\"auto\">Durante el acto protocolario, participaron las autoridades institucionales la Gerente del INAP, Sra. Ruth Elizabeth \u00c1valos; el Director de Delegaciones de SEGEPLAN, Fidel Us; el Secretario Ejecutivo de la SCEP, Victor Hugo Godoy; y la Gobernadora Departamental de Alta Verapaz, Dilia Margarita C\u00f3 Coy, que dirigieron palabras de motivaci\u00f3n y agradecimiento a los funcionarios presentes. Los instaron a participar de manera activa y din\u00e1mica en esta iniciativa, que busca fortalecer la gobernanza territorial.<\/div>\n<\/div>\n<div class=\"x11i5rnm xat24cr x1mh8g0r x1vvkbs xtlvy1s x126k92a\" style=\"text-align: justify;\">\n<div dir=\"auto\">Este ciclo de talleres se replicar\u00e1 en los 22 departamentos de Guatemala, a trav\u00e9s de las Unidades T\u00e9cnicas de Desarrollo (UTD) que forman parte de los Consejos Departamentales de Desarrollo (CODEDE).<\/div>\n<\/div>\n<div class=\"x11i5rnm xat24cr x1mh8g0r x1vvkbs xtlvy1s x126k92a\" style=\"text-align: justify;\">\n<div dir=\"auto\">Estas actividades est\u00e1n encaminadas a cumplir con la Pol\u00edtica General de Gobierno en el eje de Modernizaci\u00f3n del Estado de Guatemala.<\/div>\n<div dir=\"auto\"><\/div>\n<\/div>\n<div class=\"x11i5rnm xat24cr x1mh8g0r x1vvkbs xtlvy1s x126k92a\">\n<div dir=\"auto\" style=\"text-align: justify;\"><span class=\"html-span xdj266r x11i5rnm xat24cr x1mh8g0r xexx8yu x4uap5 x18d9i69 xkhd6sd x1hl2dhg x16tdsg8 x1vvkbs\"><a class=\"x1i10hfl xjbqb8w x1ejq31n xd10rxx x1sy0etr x17r0tee x972fbf xcfux6l x1qhh985 xm0m39n x9f619 x1ypdohk xt0psk2 xe8uvvx xdj266r x11i5rnm xat24cr x1mh8g0r xexx8yu x4uap5 x18d9i69 xkhd6sd x16tdsg8 x1hl2dhg xggy1nq x1a2a7pz x1sur9pj xkrqix3 x1fey0fg xo1l8bm\" tabindex=\"0\" role=\"link\" href=\"https:\/\/www.facebook.com\/hashtag\/guatemalasaleadelante?__eep__=6&amp;__cft__[0]=AZUVM3aUPUZ4N2UfXzBx1qP3LdzM-wBumTPNJtgMOFJFtviMY9k_4cLah0BfN9O2bpVrW5mAXD4dJBWRdCcvvbnBQVtqYSYdXLMlIF965GZWayennBc8BQoa9SXUiw5TG67YZ48iXxz7di1u9v-qqb5lxhIudk6SJcG56wE7mBQJWQKfbistkdRYgHJ_byYwkBJy7mkAETFbhqsHTMOPXSRz&amp;__tn__=*NK-R\">#GuatemalaSaleAdelante<\/a><\/span> <span class=\"html-span xdj266r x11i5rnm xat24cr x1mh8g0r xexx8yu x4uap5 x18d9i69 xkhd6sd x1hl2dhg x16tdsg8 x1vvkbs\"><a class=\"x1i10hfl xjbqb8w x1ejq31n xd10rxx x1sy0etr x17r0tee x972fbf xcfux6l x1qhh985 xm0m39n x9f619 x1ypdohk xt0psk2 xe8uvvx xdj266r x11i5rnm xat24cr x1mh8g0r xexx8yu x4uap5 x18d9i69 xkhd6sd x16tdsg8 x1hl2dhg xggy1nq x1a2a7pz x1sur9pj xkrqix3 x1fey0fg xo1l8bm\" tabindex=\"0\" role=\"link\" href=\"https:\/\/www.facebook.com\/INAPGuatemalaCA?__cft__[0]=AZUVM3aUPUZ4N2UfXzBx1qP3LdzM-wBumTPNJtgMOFJFtviMY9k_4cLah0BfN9O2bpVrW5mAXD4dJBWRdCcvvbnBQVtqYSYdXLMlIF965GZWayennBc8BQoa9SXUiw5TG67YZ48iXxz7di1u9v-qqb5lxhIudk6SJcG56wE7mBQJWQKfbistkdRYgHJ_byYwkBJy7mkAETFbhqsHTMOPXSRz&amp;__tn__=-]K-R\"><span class=\"xt0psk2\">INAP Guatemala<\/span><\/a><\/span> <span class=\"html-span xdj266r x11i5rnm xat24cr x1mh8g0r xexx8yu x4uap5 x18d9i69 xkhd6sd x1hl2dhg x16tdsg8 x1vvkbs\"><a class=\"x1i10hfl xjbqb8w x1ejq31n xd10rxx x1sy0etr x17r0tee x972fbf xcfux6l x1qhh985 xm0m39n x9f619 x1ypdohk xt0psk2 xe8uvvx xdj266r x11i5rnm xat24cr x1mh8g0r xexx8yu x4uap5 x18d9i69 xkhd6sd x16tdsg8 x1hl2dhg xggy1nq x1a2a7pz x1sur9pj xkrqix3 x1fey0fg xo1l8bm\" tabindex=\"0\" role=\"link\" href=\"https:\/\/www.facebook.com\/secretariaejecutiva.scep?__cft__[0]=AZUVM3aUPUZ4N2UfXzBx1qP3LdzM-wBumTPNJtgMOFJFtviMY9k_4cLah0BfN9O2bpVrW5mAXD4dJBWRdCcvvbnBQVtqYSYdXLMlIF965GZWayennBc8BQoa9SXUiw5TG67YZ48iXxz7di1u9v-qqb5lxhIudk6SJcG56wE7mBQJWQKfbistkdRYgHJ_byYwkBJy7mkAETFbhqsHTMOPXSRz&amp;__tn__=-]K-R\"><span class=\"xt0psk2\">SCEP<\/span><\/a><\/span> <span class=\"html-span xdj266r x11i5rnm xat24cr x1mh8g0r xexx8yu x4uap5 x18d9i69 xkhd6sd x1hl2dhg x16tdsg8 x1vvkbs\"><a class=\"x1i10hfl xjbqb8w x1ejq31n xd10rxx x1sy0etr x17r0tee x972fbf xcfux6l x1qhh985 xm0m39n x9f619 x1ypdohk xt0psk2 xe8uvvx xdj266r x11i5rnm xat24cr x1mh8g0r xexx8yu x4uap5 x18d9i69 xkhd6sd x16tdsg8 x1hl2dhg xggy1nq x1a2a7pz x1sur9pj xkrqix3 x1fey0fg xo1l8bm\" tabindex=\"0\" role=\"link\" href=\"https:\/\/www.facebook.com\/SegeplanGT?__cft__[0]=AZUVM3aUPUZ4N2UfXzBx1qP3LdzM-wBumTPNJtgMOFJFtviMY9k_4cLah0BfN9O2bpVrW5mAXD4dJBWRdCcvvbnBQVtqYSYdXLMlIF965GZWayennBc8BQoa9SXUiw5TG67YZ48iXxz7di1u9v-qqb5lxhIudk6SJcG56wE7mBQJWQKfbistkdRYgHJ_byYwkBJy7mkAETFbhqsHTMOPXSRz&amp;__tn__=-]K-R\"><span class=\"xt0psk2\">SEGEPLAN Guatemala<\/span><\/a><\/span> <span class=\"html-span xdj266r x11i5rnm xat24cr x1mh8g0r xexx8yu x4uap5 x18d9i69 xkhd6sd x1hl2dhg x16tdsg8 x1vvkbs\"><a class=\"x1i10hfl xjbqb8w x1ejq31n xd10rxx x1sy0etr x17r0tee x972fbf xcfux6l x1qhh985 xm0m39n x9f619 x1ypdohk xt0psk2 xe8uvvx xdj266r x11i5rnm xat24cr x1mh8g0r xexx8yu x4uap5 x18d9i69 xkhd6sd x16tdsg8 x1hl2dhg xggy1nq x1a2a7pz x1sur9pj xkrqix3 x1fey0fg xo1l8bm\" tabindex=\"0\" role=\"link\" href=\"https:\/\/www.facebook.com\/guatemalagob?__cft__[0]=AZUVM3aUPUZ4N2UfXzBx1qP3LdzM-wBumTPNJtgMOFJFtviMY9k_4cLah0BfN9O2bpVrW5mAXD4dJBWRdCcvvbnBQVtqYSYdXLMlIF965GZWayennBc8BQoa9SXUiw5TG67YZ48iXxz7di1u9v-qqb5lxhIudk6SJcG56wE7mBQJWQKfbistkdRYgHJ_byYwkBJy7mkAETFbhqsHTMOPXSRz&amp;__tn__=-]K-R\"><span class=\"xt0psk2\">Gobierno de Guatemala<\/span><\/a><\/span><\/div>\n<\/div>\n<\/div>\n<\/div>\n<\/div>\n<\/div>\n<p>&nbsp;<\/p>\n<p>&nbsp;<\/p>\n<p>&nbsp;<\/p>\n<div><\/div>\n","protected":false},"excerpt":{"rendered":"<p>Este martes 13 de agosto de 2024, las instituciones del ejecutivo en Alta Verapaz dieron inicio al Ciclo de Talleres titulado &#8220;Fortalecimiento a la Articulaci\u00f3n Interinstitucional Desconcentrada con Enfoque Territorial en el Departamento de Alta Verapaz&#8221;. El evento, que tuvo lugar en el Sal\u00f3n de las Am\u00e9ricas, comenz\u00f3 a las 8:00 y concluy\u00f3 a las [&hellip;]<\/p>\n","protected":false},"author":1,"featured_media":19471,"comment_status":"closed","ping_status":"open","sticky":false,"template":"","format":"standard","meta":[],"categories":[183],"tags":[178],"_links":{"self":[{"href":"https:\/\/gobernacionaltaverapaz.gob.gt\/index.php?rest_route=\/wp\/v2\/posts\/19470"}],"collection":[{"href":"https:\/\/gobernacionaltaverapaz.gob.gt\/index.php?rest_route=\/wp\/v2\/posts"}],"about":[{"href":"https:\/\/gobernacionaltaverapaz.gob.gt\/index.php?rest_route=\/wp\/v2\/types\/post"}],"author":[{"embeddable":true,"href":"https:\/\/gobernacionaltaverapaz.gob.gt\/index.php?rest_route=\/wp\/v2\/users\/1"}],"replies":[{"embeddable":true,"href":"https:\/\/gobernacionaltaverapaz.gob.gt\/index.php?rest_route=%2Fwp%2Fv2%2Fcomments&post=19470"}],"version-history":[{"count":1,"href":"https:\/\/gobernacionaltaverapaz.gob.gt\/index.php?rest_route=\/wp\/v2\/posts\/19470\/revisions"}],"predecessor-version":[{"id":19472,"href":"https:\/\/gobernacionaltaverapaz.gob.gt\/index.php?rest_route=\/wp\/v2\/posts\/19470\/revisions\/19472"}],"wp:featuredmedia":[{"embeddable":true,"href":"https:\/\/gobernacionaltaverapaz.gob.gt\/index.php?rest_route=\/wp\/v2\/media\/19471"}],"wp:attachment":[{"href":"https:\/\/gobernacionaltaverapaz.gob.gt\/index.php?rest_route=%2Fwp%2Fv2%2Fmedia&parent=19470"}],"wp:term":[{"taxonomy":"category","embeddable":true,"href":"https:\/\/gobernacionaltaverapaz.gob.gt\/index.php?rest_route=%2Fwp%2Fv2%2Fcategories&post=19470"},{"taxonomy":"post_tag","embeddable":true,"href":"https:\/\/gobernacionaltaverapaz.gob.gt\/index.php?rest_route=%2Fwp%2Fv2%2Ftags&post=19470"}],"curies":[{"name":"wp","href":"https:\/\/api.w.org\/{rel}","templated":true}]}}