{"id":19483,"date":"2024-08-14T08:22:31","date_gmt":"2024-08-14T14:22:31","guid":{"rendered":"https:\/\/gobernacionaltaverapaz.gob.gt\/?p=19483"},"modified":"2024-09-05T16:44:03","modified_gmt":"2024-09-05T22:44:03","slug":"dia-nacional-del-maiz","status":"publish","type":"post","link":"https:\/\/gobernacionaltaverapaz.gob.gt\/?p=19483","title":{"rendered":"D\u00eda Nacional del Ma\u00edz"},"content":{"rendered":"<div class=\"html-div xdj266r x11i5rnm xat24cr x1mh8g0r xexx8yu x4uap5 x18d9i69 xkhd6sd\" dir=\"auto\">\n<div id=\":r1a1:\" class=\"x1l90r2v x1pi30zi x1swvt13 x1iorvi4\" data-ad-comet-preview=\"message\" data-ad-preview=\"message\">\n<div class=\"x78zum5 xdt5ytf xz62fqu x16ldp7u\">\n<div class=\"xu06os2 x1ok221b\">\n<div class=\"xdj266r x11i5rnm xat24cr x1mh8g0r x1vvkbs x126k92a\">\n<div dir=\"auto\" style=\"text-align: justify;\">En una actividad que reuni\u00f3 a diferentes actores institucionales y organizaciones no gubernamentales este pasado 13 de agosto se celebr\u00f3 el D\u00eda Nacional del Ma\u00edz en Alta Verapaz, un s\u00edmbolo de nuestra identidad y riqueza cultural.<\/div>\n<\/div>\n<div class=\"x11i5rnm xat24cr x1mh8g0r x1vvkbs xtlvy1s x126k92a\" style=\"text-align: justify;\">\n<div dir=\"auto\">La actividad se desarrollo en la Escuela de Formaci\u00f3n Agr\u00edcola -EFA- en donde se forman j\u00f3venes que tienen vocaci\u00f3n de trabajo en la agricultura.<\/div>\n<div dir=\"auto\"><\/div>\n<\/div>\n<div class=\"x11i5rnm xat24cr x1mh8g0r x1vvkbs xtlvy1s x126k92a\">\n<div dir=\"auto\" style=\"text-align: justify;\"><span class=\"html-span xdj266r x11i5rnm xat24cr x1mh8g0r xexx8yu x4uap5 x18d9i69 xkhd6sd x1hl2dhg x16tdsg8 x1vvkbs\"><a class=\"x1i10hfl xjbqb8w x1ejq31n xd10rxx x1sy0etr x17r0tee x972fbf xcfux6l x1qhh985 xm0m39n x9f619 x1ypdohk xt0psk2 xe8uvvx xdj266r x11i5rnm xat24cr x1mh8g0r xexx8yu x4uap5 x18d9i69 xkhd6sd x16tdsg8 x1hl2dhg xggy1nq x1a2a7pz x1sur9pj xkrqix3 x1fey0fg xo1l8bm\" tabindex=\"0\" role=\"link\" href=\"https:\/\/www.facebook.com\/hashtag\/altaverapaz?__eep__=6&amp;__cft__[0]=AZUvghVAIDuxLWAqCPqgKImX99FUyHQEa1Bpd87RIVLSOBkg1H89RuQ_sF1TyA5rAwJzh78jDYbV0j-EuDFERd8FN764JN9cu3EXPc-2Za3CYG4vcVIQcOVjeJfv1M9FWOwfe09uJqbQQR3YmDs2rUzUmNIFO-jL8bh27-ziJ9ZwHXm75nNyvjU9Aq939jbGnvOYVKrqDWhLMDO_--q-qlB6&amp;__tn__=*NK-R\">#AltaVerapaz<\/a><\/span> <span class=\"html-span xdj266r x11i5rnm xat24cr x1mh8g0r xexx8yu x4uap5 x18d9i69 xkhd6sd x1hl2dhg x16tdsg8 x1vvkbs\"><a class=\"x1i10hfl xjbqb8w x1ejq31n xd10rxx x1sy0etr x17r0tee x972fbf xcfux6l x1qhh985 xm0m39n x9f619 x1ypdohk xt0psk2 xe8uvvx xdj266r x11i5rnm xat24cr x1mh8g0r xexx8yu x4uap5 x18d9i69 xkhd6sd x16tdsg8 x1hl2dhg xggy1nq x1a2a7pz x1sur9pj xkrqix3 x1fey0fg xo1l8bm\" tabindex=\"0\" role=\"link\" href=\"https:\/\/www.facebook.com\/hashtag\/d%C3%ADadelma%C3%ADz?__eep__=6&amp;__cft__[0]=AZUvghVAIDuxLWAqCPqgKImX99FUyHQEa1Bpd87RIVLSOBkg1H89RuQ_sF1TyA5rAwJzh78jDYbV0j-EuDFERd8FN764JN9cu3EXPc-2Za3CYG4vcVIQcOVjeJfv1M9FWOwfe09uJqbQQR3YmDs2rUzUmNIFO-jL8bh27-ziJ9ZwHXm75nNyvjU9Aq939jbGnvOYVKrqDWhLMDO_--q-qlB6&amp;__tn__=*NK-R\">#D\u00edaDelMa\u00edz<\/a><\/span> <span class=\"html-span xdj266r x11i5rnm xat24cr x1mh8g0r xexx8yu x4uap5 x18d9i69 xkhd6sd x1hl2dhg x16tdsg8 x1vvkbs\"><a class=\"x1i10hfl xjbqb8w x1ejq31n xd10rxx x1sy0etr x17r0tee x972fbf xcfux6l x1qhh985 xm0m39n x9f619 x1ypdohk xt0psk2 xe8uvvx xdj266r x11i5rnm xat24cr x1mh8g0r xexx8yu x4uap5 x18d9i69 xkhd6sd x16tdsg8 x1hl2dhg xggy1nq x1a2a7pz x1sur9pj xkrqix3 x1fey0fg xo1l8bm\" tabindex=\"0\" role=\"link\" href=\"https:\/\/www.facebook.com\/hashtag\/guatemalasaleadelante?__eep__=6&amp;__cft__[0]=AZUvghVAIDuxLWAqCPqgKImX99FUyHQEa1Bpd87RIVLSOBkg1H89RuQ_sF1TyA5rAwJzh78jDYbV0j-EuDFERd8FN764JN9cu3EXPc-2Za3CYG4vcVIQcOVjeJfv1M9FWOwfe09uJqbQQR3YmDs2rUzUmNIFO-jL8bh27-ziJ9ZwHXm75nNyvjU9Aq939jbGnvOYVKrqDWhLMDO_--q-qlB6&amp;__tn__=*NK-R\">#GuatemalaSaleAdelante<\/a><\/span><\/div>\n<\/div>\n<\/div>\n<\/div>\n<\/div>\n<\/div>\n<p>&nbsp;<\/p>\n<p>&nbsp;<\/p>\n<div><\/div>\n","protected":false},"excerpt":{"rendered":"<p>En una actividad que reuni\u00f3 a diferentes actores institucionales y organizaciones no gubernamentales este pasado 13 de agosto se celebr\u00f3 el D\u00eda Nacional del Ma\u00edz en Alta Verapaz, un s\u00edmbolo de nuestra identidad y riqueza cultural. La actividad se desarrollo en la Escuela de Formaci\u00f3n Agr\u00edcola -EFA- en donde se forman j\u00f3venes que tienen vocaci\u00f3n [&hellip;]<\/p>\n","protected":false},"author":1,"featured_media":19484,"comment_status":"closed","ping_status":"open","sticky":false,"template":"","format":"standard","meta":[],"categories":[183],"tags":[178],"_links":{"self":[{"href":"https:\/\/gobernacionaltaverapaz.gob.gt\/index.php?rest_route=\/wp\/v2\/posts\/19483"}],"collection":[{"href":"https:\/\/gobernacionaltaverapaz.gob.gt\/index.php?rest_route=\/wp\/v2\/posts"}],"about":[{"href":"https:\/\/gobernacionaltaverapaz.gob.gt\/index.php?rest_route=\/wp\/v2\/types\/post"}],"author":[{"embeddable":true,"href":"https:\/\/gobernacionaltaverapaz.gob.gt\/index.php?rest_route=\/wp\/v2\/users\/1"}],"replies":[{"embeddable":true,"href":"https:\/\/gobernacionaltaverapaz.gob.gt\/index.php?rest_route=%2Fwp%2Fv2%2Fcomments&post=19483"}],"version-history":[{"count":1,"href":"https:\/\/gobernacionaltaverapaz.gob.gt\/index.php?rest_route=\/wp\/v2\/posts\/19483\/revisions"}],"predecessor-version":[{"id":19485,"href":"https:\/\/gobernacionaltaverapaz.gob.gt\/index.php?rest_route=\/wp\/v2\/posts\/19483\/revisions\/19485"}],"wp:featuredmedia":[{"embeddable":true,"href":"https:\/\/gobernacionaltaverapaz.gob.gt\/index.php?rest_route=\/wp\/v2\/media\/19484"}],"wp:attachment":[{"href":"https:\/\/gobernacionaltaverapaz.gob.gt\/index.php?rest_route=%2Fwp%2Fv2%2Fmedia&parent=19483"}],"wp:term":[{"taxonomy":"category","embeddable":true,"href":"https:\/\/gobernacionaltaverapaz.gob.gt\/index.php?rest_route=%2Fwp%2Fv2%2Fcategories&post=19483"},{"taxonomy":"post_tag","embeddable":true,"href":"https:\/\/gobernacionaltaverapaz.gob.gt\/index.php?rest_route=%2Fwp%2Fv2%2Ftags&post=19483"}],"curies":[{"name":"wp","href":"https:\/\/api.w.org\/{rel}","templated":true}]}}