{"id":19493,"date":"2024-08-14T11:00:47","date_gmt":"2024-08-14T17:00:47","guid":{"rendered":"https:\/\/gobernacionaltaverapaz.gob.gt\/?p=19493"},"modified":"2024-09-05T16:55:32","modified_gmt":"2024-09-05T22:55:32","slug":"explotacion-y-trata-de-personas-lidero-una-exposicion-informativa-durante-la-sesion","status":"publish","type":"post","link":"https:\/\/gobernacionaltaverapaz.gob.gt\/?p=19493","title":{"rendered":"Explotaci\u00f3n y Trata de Personas lider\u00f3 una exposici\u00f3n informativa durante la sesi\u00f3n"},"content":{"rendered":"<div class=\"xdj266r x11i5rnm xat24cr x1mh8g0r x1vvkbs x126k92a\">\n<div dir=\"auto\" style=\"text-align: justify;\">En el marco del Programa Nacional de Inmunizaciones, se llev\u00f3 a cabo la presentaci\u00f3n de la Campa\u00f1a de Vacunaci\u00f3n SPR y OPV en Alta Verapaz. Esta iniciativa busca proteger a las ni\u00f1as y ni\u00f1os nacidos entre 2019 y 2022, a trav\u00e9s de la aplicaci\u00f3n de una dosis adicional de vacunas contra la poliomielitis y el sarampi\u00f3n.<\/div>\n<\/div>\n<div class=\"x11i5rnm xat24cr x1mh8g0r x1vvkbs xtlvy1s x126k92a\" style=\"text-align: justify;\">\n<div dir=\"auto\">Los objetivos de la campa\u00f1a incluyen:<\/div>\n<\/div>\n<div class=\"x11i5rnm xat24cr x1mh8g0r x1vvkbs xtlvy1s x126k92a\" style=\"text-align: justify;\">\n<div dir=\"auto\">Cobertura Nacional: Asegurar la vacunaci\u00f3n de todos los menores elegibles en los 340 municipios del pa\u00eds.<\/div>\n<\/div>\n<div class=\"x11i5rnm xat24cr x1mh8g0r x1vvkbs xtlvy1s x126k92a\" style=\"text-align: justify;\">\n<div dir=\"auto\">Prevenci\u00f3n Local: Fortalecer la participaci\u00f3n de la sociedad civil para prevenir el aumento de casos.<\/div>\n<\/div>\n<div class=\"x11i5rnm xat24cr x1mh8g0r x1vvkbs xtlvy1s x126k92a\" style=\"text-align: justify;\">\n<div dir=\"auto\">Organizaci\u00f3n Eficiente: Incorporar todos los sectores en la planificaci\u00f3n y capacitaci\u00f3n para una campa\u00f1a exitosa.<\/div>\n<\/div>\n<div class=\"x11i5rnm xat24cr x1mh8g0r x1vvkbs xtlvy1s x126k92a\">\n<div dir=\"auto\" style=\"text-align: justify;\">La salud de nuestros ni\u00f1os es una prioridad, \u00a1unidos podemos protegerlos!<\/div>\n<\/div>\n<p>&nbsp;<\/p>\n<p>&nbsp;<\/p>\n<div><\/div>\n","protected":false},"excerpt":{"rendered":"<p>En el marco del Programa Nacional de Inmunizaciones, se llev\u00f3 a cabo la presentaci\u00f3n de la Campa\u00f1a de Vacunaci\u00f3n SPR y OPV en Alta Verapaz. Esta iniciativa busca proteger a las ni\u00f1as y ni\u00f1os nacidos entre 2019 y 2022, a trav\u00e9s de la aplicaci\u00f3n de una dosis adicional de vacunas contra la poliomielitis y el [&hellip;]<\/p>\n","protected":false},"author":1,"featured_media":19494,"comment_status":"closed","ping_status":"open","sticky":false,"template":"","format":"standard","meta":[],"categories":[183],"tags":[178],"_links":{"self":[{"href":"https:\/\/gobernacionaltaverapaz.gob.gt\/index.php?rest_route=\/wp\/v2\/posts\/19493"}],"collection":[{"href":"https:\/\/gobernacionaltaverapaz.gob.gt\/index.php?rest_route=\/wp\/v2\/posts"}],"about":[{"href":"https:\/\/gobernacionaltaverapaz.gob.gt\/index.php?rest_route=\/wp\/v2\/types\/post"}],"author":[{"embeddable":true,"href":"https:\/\/gobernacionaltaverapaz.gob.gt\/index.php?rest_route=\/wp\/v2\/users\/1"}],"replies":[{"embeddable":true,"href":"https:\/\/gobernacionaltaverapaz.gob.gt\/index.php?rest_route=%2Fwp%2Fv2%2Fcomments&post=19493"}],"version-history":[{"count":1,"href":"https:\/\/gobernacionaltaverapaz.gob.gt\/index.php?rest_route=\/wp\/v2\/posts\/19493\/revisions"}],"predecessor-version":[{"id":19495,"href":"https:\/\/gobernacionaltaverapaz.gob.gt\/index.php?rest_route=\/wp\/v2\/posts\/19493\/revisions\/19495"}],"wp:featuredmedia":[{"embeddable":true,"href":"https:\/\/gobernacionaltaverapaz.gob.gt\/index.php?rest_route=\/wp\/v2\/media\/19494"}],"wp:attachment":[{"href":"https:\/\/gobernacionaltaverapaz.gob.gt\/index.php?rest_route=%2Fwp%2Fv2%2Fmedia&parent=19493"}],"wp:term":[{"taxonomy":"category","embeddable":true,"href":"https:\/\/gobernacionaltaverapaz.gob.gt\/index.php?rest_route=%2Fwp%2Fv2%2Fcategories&post=19493"},{"taxonomy":"post_tag","embeddable":true,"href":"https:\/\/gobernacionaltaverapaz.gob.gt\/index.php?rest_route=%2Fwp%2Fv2%2Ftags&post=19493"}],"curies":[{"name":"wp","href":"https:\/\/api.w.org\/{rel}","templated":true}]}}