{"id":19504,"date":"2024-08-14T18:00:23","date_gmt":"2024-08-15T00:00:23","guid":{"rendered":"https:\/\/gobernacionaltaverapaz.gob.gt\/?p=19504"},"modified":"2024-09-05T17:04:47","modified_gmt":"2024-09-05T23:04:47","slug":"comision-interinstitucional-realizo-una-visita-a-la-aldea-queja","status":"publish","type":"post","link":"https:\/\/gobernacionaltaverapaz.gob.gt\/?p=19504","title":{"rendered":"Comisi\u00f3n interinstitucional, realiz\u00f3 una visita a la Aldea Quej\u00e1"},"content":{"rendered":"<div class=\"html-div xdj266r x11i5rnm xat24cr x1mh8g0r xexx8yu x4uap5 x18d9i69 xkhd6sd\" dir=\"auto\">\n<div id=\":r17k:\" class=\"x1l90r2v x1pi30zi x1swvt13 x1iorvi4\" data-ad-comet-preview=\"message\" data-ad-preview=\"message\">\n<div class=\"x78zum5 xdt5ytf xz62fqu x16ldp7u\">\n<div class=\"xu06os2 x1ok221b\">\n<div class=\"xdj266r x11i5rnm xat24cr x1mh8g0r x1vvkbs x126k92a\">\n<div dir=\"auto\" style=\"text-align: justify;\">El 9 de agosto una comisi\u00f3n interinstitucional, en la que particip\u00f3 Gobernaci\u00f3n Departamental de Alta Verapaz, realiz\u00f3 una visita a la Aldea Quej\u00e1, ya que sus habitantes exigen una soluci\u00f3n a la problem\u00e1tica que enfrentan actualmente:<\/div>\n<\/div>\n<div class=\"x11i5rnm xat24cr x1mh8g0r x1vvkbs xtlvy1s x126k92a\" style=\"text-align: justify;\">\n<div dir=\"auto\">&#8211; Debido al dictamen de zona de riesgo no se puede utilizar la Escuela ni el Centro de Salud de la aldea.<\/div>\n<div dir=\"auto\">&#8211; Las instituciones (Salud, Educaci\u00f3n, Municipalidad) no pueden env\u00edar personal a la aldea por el dictamen vigente.<\/div>\n<div dir=\"auto\">&#8211; A pesar del dictamen las personas ya est\u00e1n habitando y construyendo nuevas edificaciones en la aldea.<\/div>\n<div dir=\"auto\">&#8211; La comunidad se ha dividido en Quej\u00e1 y Quej\u00e1 Nuevo.<\/div>\n<div dir=\"auto\">&#8211; Se construy\u00f3 una escuela temporal en Quej\u00e1 Nuevo en un terreno prestado pero queda a dos kil\u00f3metros de Quej\u00e1 y los ni\u00f1os deben caminar por la ma\u00f1ana y al medio d\u00eda por caminos y veredas, con los riesgos que esto conlleva.<\/div>\n<div dir=\"auto\">&#8211; Los habitantes solicitan un nuevo dictamen de CONRED para determinar el actual nivel de riesgo y si ya es posible habitar legalmente el lugar, el cual de hecho ya est\u00e1 habitado y sus habitantes realizan sus actividades cotidianas con normalidad.<\/div>\n<\/div>\n<div class=\"x11i5rnm xat24cr x1mh8g0r x1vvkbs xtlvy1s x126k92a\" style=\"text-align: justify;\">\n<div dir=\"auto\">El contexto del problema actual surge a partir de lo sucedido en la aldea:<\/div>\n<\/div>\n<div class=\"x11i5rnm xat24cr x1mh8g0r x1vvkbs xtlvy1s x126k92a\" style=\"text-align: justify;\">\n<div dir=\"auto\">\u201cCon la llegada de la tormenta tropical ETA, los pobladores de la comunidad de Quej\u00e1 fueron testigos de una de las mayores tragedias vividas recientemente, el cerro colapso el 5 de noviembre y se derrumb\u00f3 sobre las casas de la aldea, esto resultado de la intensa lluvia provocada por la tormenta que desde el 29 de octubre ha golpeado a Centroam\u00e9rica. Debajo de una enorme avalancha de lodo, agua y escombros de \u00e1rboles, quedaron soterradas muchas de las familias ind\u00edgenas del lugar, as\u00ed lo inform\u00f3 Amilcar Caal, uno de los profesores locales, quien adem\u00e1s se convirti\u00f3 en gu\u00eda para todos los cuerpos de socorro y seguridad que llegaron al lugar.\u201d &#8211; Prensa Comunitaria<\/div>\n<div dir=\"auto\"><span class=\"html-span xdj266r x11i5rnm xat24cr x1mh8g0r xexx8yu x4uap5 x18d9i69 xkhd6sd x1hl2dhg x16tdsg8 x1vvkbs\"><a class=\"x1i10hfl xjbqb8w x1ejq31n xd10rxx x1sy0etr x17r0tee x972fbf xcfux6l x1qhh985 xm0m39n x9f619 x1ypdohk xt0psk2 xe8uvvx xdj266r x11i5rnm xat24cr x1mh8g0r xexx8yu x4uap5 x18d9i69 xkhd6sd x16tdsg8 x1hl2dhg xggy1nq x1a2a7pz x1sur9pj xkrqix3 x1fey0fg\" tabindex=\"0\" role=\"link\" href=\"https:\/\/prensacomunitar.medium.com\/un-viaje-a-quej%C3%A1-en-san-crist%C3%B3bal-verapaz-una-comunidad-abandonada-por-el-estado-1f79281a42c1?fbclid=IwZXh0bgNhZW0CMTAAAR3Hnnz2kjzXMuuS4eQr4EVV1LEm8JtDnpnBS2_Zruar3pjStp-knOW7PcM_aem_eswVFq70_6cCcZWLJK7IJw\" target=\"_blank\" rel=\"nofollow noopener noreferrer\">https:\/\/prensacomunitar.medium.com\/un-viaje-a-quej%C3%A1&#8230;<\/a><\/span><\/div>\n<\/div>\n<div class=\"x11i5rnm xat24cr x1mh8g0r x1vvkbs xtlvy1s x126k92a\" style=\"text-align: justify;\">\n<div dir=\"auto\">Con el paso de los a\u00f1os, la situaci\u00f3n se ha tornado sumamente compleja, ya que luego del dictamen emitido por la CONRED en 2021, establece que no puede hacerse ning\u00fan tipo de intervenci\u00f3n p\u00fablica o privada:<\/div>\n<\/div>\n<div class=\"x11i5rnm xat24cr x1mh8g0r x1vvkbs xtlvy1s x126k92a\" style=\"text-align: justify;\">\n<div dir=\"auto\">Acuerdo No. JE-01-2021 de la Coordinadora Nacional para la Reducci\u00f3n de Desastres -CONRED-<\/div>\n<div dir=\"auto\">Art\u00edculo 2. Recomienda el no asentamiento de personas en el \u00e1rea declarada de alto riesgo en Aldea Quej\u00e1, debido a las condiciones de riesgo establecidas y comprobadas por medio de la &#8220;EVALUACI\u00d3N SUSCEPTIBILIDAD POR DESLIZAMIENTOS, ALDEA QUEJ\u00c1, MUNICIPIO DE SAN CRIST\u00d3BAL VERAPAZ, DEPARTAMENTO DE ALTA VERAPAZ&#8221;, realizado por el equipo t\u00e9cnico del Consejo Cient\u00edfico de la CONRED, a no realizar actividades que se encuentren relacionadas con residir, ocupar o habitar el \u00e1rea, en virtud de la situaci\u00f3n a la alta susceptibilidad a deslizamientos y a los da\u00f1os f\u00edsicos correspondientes a las condiciones de la estructura, de conformidad con las evaluaciones realizadas. No podr\u00e1 desarrollarse ni apoyarse ning\u00fan tipo de proyecto p\u00fablico ni privado en el sector, hasta que la declaratoria sea emitida en base a dict\u00e1menes t\u00e9cnicos y cient\u00edficos de que la amenaza y ocurrencia ha desaparecido.<\/div>\n<\/div>\n<div class=\"x11i5rnm xat24cr x1mh8g0r x1vvkbs xtlvy1s x126k92a\" style=\"text-align: justify;\">\n<div dir=\"auto\">Una de las primeras acciones al tomar posesi\u00f3n de la gobernadora Dilia Margarita C\u00f3 Coy fue una visita a la aldea Queja a solicitud de los habitantes y organizaciones sociales de apoyo.<\/div>\n<div dir=\"auto\"><span class=\"html-span xdj266r x11i5rnm xat24cr x1mh8g0r xexx8yu x4uap5 x18d9i69 xkhd6sd x1hl2dhg x16tdsg8 x1vvkbs\"><a class=\"x1i10hfl xjbqb8w x1ejq31n xd10rxx x1sy0etr x17r0tee x972fbf xcfux6l x1qhh985 xm0m39n x9f619 x1ypdohk xt0psk2 xe8uvvx xdj266r x11i5rnm xat24cr x1mh8g0r xexx8yu x4uap5 x18d9i69 xkhd6sd x16tdsg8 x1hl2dhg xggy1nq x1a2a7pz x1sur9pj xkrqix3 xzsf02u x1s688f\" tabindex=\"0\" role=\"link\" href=\"https:\/\/www.facebook.com\/GobernacionAV\/posts\/pfbid02Xd4rgkzhWtUqYgK7wfSu7rkLzmmNKj9nT1FicCyEtdX28QoUEaz2dBHd6uDDvW8ul?__cft__[0]=AZUFRucq5OY7dffwrZwh48gJ_Rj74v_3Jon8usx0Pyqmrk_rOmxK1iBWbA0JI4ebRE1NzZhXMjMAVTyU-84NWwIIVKQaYRk3_B0ZcppYaF-u56Z60QX_X4fRux8yVxJfJqQ__A2hYNfiz6aDKlG2h6tbukHMFbzmoj6X51lsy1rXDil_MpanDRYfl9UlMECljsaghou-lMvAA_M9uJZ1zlbd&amp;__tn__=-UK-R\">https:\/\/www.facebook.com\/share\/p\/jaiknzezHPH4FLiJ\/<\/a><\/span><\/div>\n<\/div>\n<div class=\"x11i5rnm xat24cr x1mh8g0r x1vvkbs xtlvy1s x126k92a\" style=\"text-align: justify;\">\n<div dir=\"auto\">El martes 30 de julio la Facultad de Geolog\u00eda del CUNOR realiza una presentaci\u00f3n de la situaci\u00f3n de la Aldea Quej\u00e1 desde la perspectiva geol\u00f3gica y de suelos<\/div>\n<div dir=\"auto\"><span class=\"html-span xdj266r x11i5rnm xat24cr x1mh8g0r xexx8yu x4uap5 x18d9i69 xkhd6sd x1hl2dhg x16tdsg8 x1vvkbs\"><a class=\"x1i10hfl xjbqb8w x1ejq31n xd10rxx x1sy0etr x17r0tee x972fbf xcfux6l x1qhh985 xm0m39n x9f619 x1ypdohk xt0psk2 xe8uvvx xdj266r x11i5rnm xat24cr x1mh8g0r xexx8yu x4uap5 x18d9i69 xkhd6sd x16tdsg8 x1hl2dhg xggy1nq x1a2a7pz x1sur9pj xkrqix3 xzsf02u x1s688f\" tabindex=\"0\" role=\"link\" href=\"https:\/\/www.facebook.com\/GobernacionAV\/posts\/pfbid02MPBYzekH3JLyrzTQTCvWbUynEDJhbyAS6SzetfgUER3cc682vRmsSXph638srUPUl?__cft__[0]=AZUFRucq5OY7dffwrZwh48gJ_Rj74v_3Jon8usx0Pyqmrk_rOmxK1iBWbA0JI4ebRE1NzZhXMjMAVTyU-84NWwIIVKQaYRk3_B0ZcppYaF-u56Z60QX_X4fRux8yVxJfJqQ__A2hYNfiz6aDKlG2h6tbukHMFbzmoj6X51lsy1rXDil_MpanDRYfl9UlMECljsaghou-lMvAA_M9uJZ1zlbd&amp;__tn__=-UK-R\">https:\/\/www.facebook.com\/share\/p\/YA6KwAw9SuXCL28r\/<\/a><\/span><\/div>\n<\/div>\n<div class=\"x11i5rnm xat24cr x1mh8g0r x1vvkbs xtlvy1s x126k92a\">\n<div dir=\"auto\" style=\"text-align: justify;\">Con esta serie de acciones se espera tener muy pronto el nuevo dictamen de la CONRED para buscar la mejor salida a los problemas que la comunidad enfrenta y Gobernaci\u00f3n Departamental est\u00e1 haciendo las gestiones pertinentes con el acompa\u00f1amiento de las instituciones respectivas.<\/div>\n<div dir=\"auto\"><\/div>\n<\/div>\n<div class=\"x11i5rnm xat24cr x1mh8g0r x1vvkbs xtlvy1s x126k92a\">\n<div dir=\"auto\"><span class=\"html-span xdj266r x11i5rnm xat24cr x1mh8g0r xexx8yu x4uap5 x18d9i69 xkhd6sd x1hl2dhg x16tdsg8 x1vvkbs\"><a class=\"x1i10hfl xjbqb8w x1ejq31n xd10rxx x1sy0etr x17r0tee x972fbf xcfux6l x1qhh985 xm0m39n x9f619 x1ypdohk xt0psk2 xe8uvvx xdj266r x11i5rnm xat24cr x1mh8g0r xexx8yu x4uap5 x18d9i69 xkhd6sd x16tdsg8 x1hl2dhg xggy1nq x1a2a7pz x1sur9pj xkrqix3 x1fey0fg xo1l8bm\" tabindex=\"0\" role=\"link\" href=\"https:\/\/www.facebook.com\/hashtag\/altaverapazsaleadelante?__eep__=6&amp;__cft__[0]=AZUFRucq5OY7dffwrZwh48gJ_Rj74v_3Jon8usx0Pyqmrk_rOmxK1iBWbA0JI4ebRE1NzZhXMjMAVTyU-84NWwIIVKQaYRk3_B0ZcppYaF-u56Z60QX_X4fRux8yVxJfJqQ__A2hYNfiz6aDKlG2h6tbukHMFbzmoj6X51lsy1rXDil_MpanDRYfl9UlMECljsaghou-lMvAA_M9uJZ1zlbd&amp;__tn__=*NK-R\">#AltaVerapazSaleAdelante<\/a><\/span> <span class=\"html-span xdj266r x11i5rnm xat24cr x1mh8g0r xexx8yu x4uap5 x18d9i69 xkhd6sd x1hl2dhg x16tdsg8 x1vvkbs\"><a class=\"x1i10hfl xjbqb8w x1ejq31n xd10rxx x1sy0etr x17r0tee x972fbf xcfux6l x1qhh985 xm0m39n x9f619 x1ypdohk xt0psk2 xe8uvvx xdj266r x11i5rnm xat24cr x1mh8g0r xexx8yu x4uap5 x18d9i69 xkhd6sd x16tdsg8 x1hl2dhg xggy1nq x1a2a7pz x1sur9pj xkrqix3 x1fey0fg xo1l8bm\" tabindex=\"0\" role=\"link\" href=\"https:\/\/www.facebook.com\/hashtag\/quej%C3%A1av?__eep__=6&amp;__cft__[0]=AZUFRucq5OY7dffwrZwh48gJ_Rj74v_3Jon8usx0Pyqmrk_rOmxK1iBWbA0JI4ebRE1NzZhXMjMAVTyU-84NWwIIVKQaYRk3_B0ZcppYaF-u56Z60QX_X4fRux8yVxJfJqQ__A2hYNfiz6aDKlG2h6tbukHMFbzmoj6X51lsy1rXDil_MpanDRYfl9UlMECljsaghou-lMvAA_M9uJZ1zlbd&amp;__tn__=*NK-R\">#Quej\u00e1AV<\/a><\/span><\/div>\n<\/div>\n<\/div>\n<\/div>\n<\/div>\n<\/div>\n<p>&nbsp;<\/p>\n<p>&nbsp;<\/p>\n<p>&nbsp;<\/p>\n<p>&nbsp;<\/p>\n<p>&nbsp;<\/p>\n<p>&nbsp;<\/p>\n<div><\/div>\n","protected":false},"excerpt":{"rendered":"<p>El 9 de agosto una comisi\u00f3n interinstitucional, en la que particip\u00f3 Gobernaci\u00f3n Departamental de Alta Verapaz, realiz\u00f3 una visita a la Aldea Quej\u00e1, ya que sus habitantes exigen una soluci\u00f3n a la problem\u00e1tica que enfrentan actualmente: &#8211; Debido al dictamen de zona de riesgo no se puede utilizar la Escuela ni el Centro de Salud [&hellip;]<\/p>\n","protected":false},"author":1,"featured_media":19505,"comment_status":"closed","ping_status":"open","sticky":false,"template":"","format":"standard","meta":[],"categories":[183],"tags":[178],"_links":{"self":[{"href":"https:\/\/gobernacionaltaverapaz.gob.gt\/index.php?rest_route=\/wp\/v2\/posts\/19504"}],"collection":[{"href":"https:\/\/gobernacionaltaverapaz.gob.gt\/index.php?rest_route=\/wp\/v2\/posts"}],"about":[{"href":"https:\/\/gobernacionaltaverapaz.gob.gt\/index.php?rest_route=\/wp\/v2\/types\/post"}],"author":[{"embeddable":true,"href":"https:\/\/gobernacionaltaverapaz.gob.gt\/index.php?rest_route=\/wp\/v2\/users\/1"}],"replies":[{"embeddable":true,"href":"https:\/\/gobernacionaltaverapaz.gob.gt\/index.php?rest_route=%2Fwp%2Fv2%2Fcomments&post=19504"}],"version-history":[{"count":1,"href":"https:\/\/gobernacionaltaverapaz.gob.gt\/index.php?rest_route=\/wp\/v2\/posts\/19504\/revisions"}],"predecessor-version":[{"id":19506,"href":"https:\/\/gobernacionaltaverapaz.gob.gt\/index.php?rest_route=\/wp\/v2\/posts\/19504\/revisions\/19506"}],"wp:featuredmedia":[{"embeddable":true,"href":"https:\/\/gobernacionaltaverapaz.gob.gt\/index.php?rest_route=\/wp\/v2\/media\/19505"}],"wp:attachment":[{"href":"https:\/\/gobernacionaltaverapaz.gob.gt\/index.php?rest_route=%2Fwp%2Fv2%2Fmedia&parent=19504"}],"wp:term":[{"taxonomy":"category","embeddable":true,"href":"https:\/\/gobernacionaltaverapaz.gob.gt\/index.php?rest_route=%2Fwp%2Fv2%2Fcategories&post=19504"},{"taxonomy":"post_tag","embeddable":true,"href":"https:\/\/gobernacionaltaverapaz.gob.gt\/index.php?rest_route=%2Fwp%2Fv2%2Ftags&post=19504"}],"curies":[{"name":"wp","href":"https:\/\/api.w.org\/{rel}","templated":true}]}}