{"id":19507,"date":"2024-08-15T08:22:38","date_gmt":"2024-08-15T14:22:38","guid":{"rendered":"https:\/\/gobernacionaltaverapaz.gob.gt\/?p=19507"},"modified":"2024-09-05T17:15:04","modified_gmt":"2024-09-05T23:15:04","slug":"taller-de-un-conocimiento-integral-sobre-educacion-sexual-y-otras-areas-clave-en-todo-el-departamento","status":"publish","type":"post","link":"https:\/\/gobernacionaltaverapaz.gob.gt\/?p=19507","title":{"rendered":"Taller de un conocimiento integral sobre educaci\u00f3n sexual y otras \u00e1reas clave en todo el departamento"},"content":{"rendered":"<div class=\"xdj266r x11i5rnm xat24cr x1mh8g0r x1vvkbs x126k92a\">\n<div dir=\"auto\" style=\"text-align: justify;\">La Secretar\u00eda contra la Violencia Sexual, Explotaci\u00f3n y Trata de Personas lider\u00f3 una exposici\u00f3n informativa durante la sesi\u00f3n, subrayando la importancia de educar y empoderar a la juventud en temas cr\u00edticos para su desarrollo.<\/div>\n<\/div>\n<div class=\"x11i5rnm xat24cr x1mh8g0r x1vvkbs xtlvy1s x126k92a\" style=\"text-align: justify;\">\n<div dir=\"auto\">La gobernadora departamental, Dilia Margarita C\u00f3 Coy, expres\u00f3 su firme respaldo a esta iniciativa, destacando la necesidad de un enfoque conjunto para proteger y guiar a las nuevas generaciones.<\/div>\n<\/div>\n<div class=\"x11i5rnm xat24cr x1mh8g0r x1vvkbs xtlvy1s x126k92a\" style=\"text-align: justify;\">\n<div dir=\"auto\">Las organizaciones que participaron acordaron coordinar una campa\u00f1a que busca llevar a los j\u00f3venes un conocimiento integral sobre educaci\u00f3n sexual y otras \u00e1reas clave en todo el departamento de Alta Verapaz.<\/div>\n<\/div>\n<div class=\"x11i5rnm xat24cr x1mh8g0r x1vvkbs xtlvy1s x126k92a\">\n<div dir=\"auto\" style=\"text-align: justify;\">Cob\u00e1n, Alta Verapaz &#8211; Mi\u00e9rcoles 14 de Agosto 2024<\/div>\n<\/div>\n<p>&nbsp;<\/p>\n<p>&nbsp;<\/p>\n<div><\/div>\n","protected":false},"excerpt":{"rendered":"<p>La Secretar\u00eda contra la Violencia Sexual, Explotaci\u00f3n y Trata de Personas lider\u00f3 una exposici\u00f3n informativa durante la sesi\u00f3n, subrayando la importancia de educar y empoderar a la juventud en temas cr\u00edticos para su desarrollo. La gobernadora departamental, Dilia Margarita C\u00f3 Coy, expres\u00f3 su firme respaldo a esta iniciativa, destacando la necesidad de un enfoque conjunto [&hellip;]<\/p>\n","protected":false},"author":1,"featured_media":19508,"comment_status":"closed","ping_status":"open","sticky":false,"template":"","format":"standard","meta":[],"categories":[183,2],"tags":[178],"_links":{"self":[{"href":"https:\/\/gobernacionaltaverapaz.gob.gt\/index.php?rest_route=\/wp\/v2\/posts\/19507"}],"collection":[{"href":"https:\/\/gobernacionaltaverapaz.gob.gt\/index.php?rest_route=\/wp\/v2\/posts"}],"about":[{"href":"https:\/\/gobernacionaltaverapaz.gob.gt\/index.php?rest_route=\/wp\/v2\/types\/post"}],"author":[{"embeddable":true,"href":"https:\/\/gobernacionaltaverapaz.gob.gt\/index.php?rest_route=\/wp\/v2\/users\/1"}],"replies":[{"embeddable":true,"href":"https:\/\/gobernacionaltaverapaz.gob.gt\/index.php?rest_route=%2Fwp%2Fv2%2Fcomments&post=19507"}],"version-history":[{"count":1,"href":"https:\/\/gobernacionaltaverapaz.gob.gt\/index.php?rest_route=\/wp\/v2\/posts\/19507\/revisions"}],"predecessor-version":[{"id":19509,"href":"https:\/\/gobernacionaltaverapaz.gob.gt\/index.php?rest_route=\/wp\/v2\/posts\/19507\/revisions\/19509"}],"wp:featuredmedia":[{"embeddable":true,"href":"https:\/\/gobernacionaltaverapaz.gob.gt\/index.php?rest_route=\/wp\/v2\/media\/19508"}],"wp:attachment":[{"href":"https:\/\/gobernacionaltaverapaz.gob.gt\/index.php?rest_route=%2Fwp%2Fv2%2Fmedia&parent=19507"}],"wp:term":[{"taxonomy":"category","embeddable":true,"href":"https:\/\/gobernacionaltaverapaz.gob.gt\/index.php?rest_route=%2Fwp%2Fv2%2Fcategories&post=19507"},{"taxonomy":"post_tag","embeddable":true,"href":"https:\/\/gobernacionaltaverapaz.gob.gt\/index.php?rest_route=%2Fwp%2Fv2%2Ftags&post=19507"}],"curies":[{"name":"wp","href":"https:\/\/api.w.org\/{rel}","templated":true}]}}