{"id":19527,"date":"2024-08-19T09:59:57","date_gmt":"2024-08-19T15:59:57","guid":{"rendered":"https:\/\/gobernacionaltaverapaz.gob.gt\/?p=19527"},"modified":"2024-09-06T08:38:55","modified_gmt":"2024-09-06T14:38:55","slug":"dialogo-para-el-impulso-de-una-agenda-y-politica-legislativa","status":"publish","type":"post","link":"https:\/\/gobernacionaltaverapaz.gob.gt\/?p=19527","title":{"rendered":"Di\u00e1logo para el Impulso de una Agenda y Pol\u00edtica Legislativa"},"content":{"rendered":"<div class=\"html-div xdj266r x11i5rnm xat24cr x1mh8g0r xexx8yu x4uap5 x18d9i69 xkhd6sd\" dir=\"auto\">\n<div id=\":r12c:\" class=\"x1l90r2v x1pi30zi x1swvt13 x1iorvi4\" data-ad-comet-preview=\"message\" data-ad-preview=\"message\">\n<div class=\"x78zum5 xdt5ytf xz62fqu x16ldp7u\">\n<div class=\"xu06os2 x1ok221b\">\n<div class=\"xdj266r x11i5rnm xat24cr x1mh8g0r x1vvkbs x126k92a\">\n<div dir=\"auto\" style=\"text-align: justify;\">El pasado viernes 16 de agosto de 2024 se realiz\u00f3 en la ciudad de Cob\u00e1n la actividad &#8220;Di\u00e1logo para el Impulso de una Agenda y Pol\u00edtica Legislativa&#8221; pomovida por el Organismo Legislativo.<\/div>\n<\/div>\n<div class=\"x11i5rnm xat24cr x1mh8g0r x1vvkbs xtlvy1s x126k92a\" style=\"text-align: justify;\">\n<div dir=\"auto\">Con la participaci\u00f3n de autoridades y representantes de organizaciones de comunidades de las \u00e1reas ling\u00fc\u00edsticas de q\u2019eqchi\u2019, poqomchi\u2019, ach\u00ed y mop\u00e1n, proveniente los departamentos de Alta y Baja Verapaz, Izabal y Pet\u00e9n.<\/div>\n<\/div>\n<div class=\"x11i5rnm xat24cr x1mh8g0r x1vvkbs xtlvy1s x126k92a\">\n<div dir=\"auto\" style=\"text-align: justify;\">Estuvieron presentes los diputados Darwin Lucas y Sonia Guti\u00e9rrez, Primer Vicepresidente y Quinta Secretaria de Junta Directiva, acompa\u00f1ados de los legisladores Marleni Mat\u00edas y Byron Tejeda representante de Baja Verapaz, y V\u00edctor Cifuentes, representante de Alta Verapaz.<\/div>\n<\/div>\n<\/div>\n<\/div>\n<\/div>\n<\/div>\n<p>&nbsp;<\/p>\n<div><\/div>\n<p>&nbsp;<\/p>\n<p>&nbsp;<\/p>\n","protected":false},"excerpt":{"rendered":"<p>El pasado viernes 16 de agosto de 2024 se realiz\u00f3 en la ciudad de Cob\u00e1n la actividad &#8220;Di\u00e1logo para el Impulso de una Agenda y Pol\u00edtica Legislativa&#8221; pomovida por el Organismo Legislativo. Con la participaci\u00f3n de autoridades y representantes de organizaciones de comunidades de las \u00e1reas ling\u00fc\u00edsticas de q\u2019eqchi\u2019, poqomchi\u2019, ach\u00ed y mop\u00e1n, proveniente los [&hellip;]<\/p>\n","protected":false},"author":1,"featured_media":19528,"comment_status":"closed","ping_status":"open","sticky":false,"template":"","format":"standard","meta":[],"categories":[183],"tags":[178],"_links":{"self":[{"href":"https:\/\/gobernacionaltaverapaz.gob.gt\/index.php?rest_route=\/wp\/v2\/posts\/19527"}],"collection":[{"href":"https:\/\/gobernacionaltaverapaz.gob.gt\/index.php?rest_route=\/wp\/v2\/posts"}],"about":[{"href":"https:\/\/gobernacionaltaverapaz.gob.gt\/index.php?rest_route=\/wp\/v2\/types\/post"}],"author":[{"embeddable":true,"href":"https:\/\/gobernacionaltaverapaz.gob.gt\/index.php?rest_route=\/wp\/v2\/users\/1"}],"replies":[{"embeddable":true,"href":"https:\/\/gobernacionaltaverapaz.gob.gt\/index.php?rest_route=%2Fwp%2Fv2%2Fcomments&post=19527"}],"version-history":[{"count":1,"href":"https:\/\/gobernacionaltaverapaz.gob.gt\/index.php?rest_route=\/wp\/v2\/posts\/19527\/revisions"}],"predecessor-version":[{"id":19529,"href":"https:\/\/gobernacionaltaverapaz.gob.gt\/index.php?rest_route=\/wp\/v2\/posts\/19527\/revisions\/19529"}],"wp:featuredmedia":[{"embeddable":true,"href":"https:\/\/gobernacionaltaverapaz.gob.gt\/index.php?rest_route=\/wp\/v2\/media\/19528"}],"wp:attachment":[{"href":"https:\/\/gobernacionaltaverapaz.gob.gt\/index.php?rest_route=%2Fwp%2Fv2%2Fmedia&parent=19527"}],"wp:term":[{"taxonomy":"category","embeddable":true,"href":"https:\/\/gobernacionaltaverapaz.gob.gt\/index.php?rest_route=%2Fwp%2Fv2%2Fcategories&post=19527"},{"taxonomy":"post_tag","embeddable":true,"href":"https:\/\/gobernacionaltaverapaz.gob.gt\/index.php?rest_route=%2Fwp%2Fv2%2Ftags&post=19527"}],"curies":[{"name":"wp","href":"https:\/\/api.w.org\/{rel}","templated":true}]}}