{"id":19544,"date":"2024-08-19T12:11:20","date_gmt":"2024-08-19T18:11:20","guid":{"rendered":"https:\/\/gobernacionaltaverapaz.gob.gt\/?p=19544"},"modified":"2024-09-06T08:58:24","modified_gmt":"2024-09-06T14:58:24","slug":"ejercicio-de-simulacion-de-emergencia-por-la-coordinadora-departamental-para-reduccion-de-desastres-codred","status":"publish","type":"post","link":"https:\/\/gobernacionaltaverapaz.gob.gt\/?p=19544","title":{"rendered":"Ejercicio de Simulaci\u00f3n de Emergencia por la Coordinadora Departamental para Reducci\u00f3n de Desastres -CODRED-"},"content":{"rendered":"<div class=\"html-div xdj266r x11i5rnm xat24cr x1mh8g0r xexx8yu x4uap5 x18d9i69 xkhd6sd\" dir=\"auto\">\n<div id=\":rud:\" class=\"x1l90r2v x1pi30zi x1swvt13 x1iorvi4\" data-ad-comet-preview=\"message\" data-ad-preview=\"message\">\n<div class=\"x78zum5 xdt5ytf xz62fqu x16ldp7u\">\n<div class=\"xu06os2 x1ok221b\">\n<div class=\"xdj266r x11i5rnm xat24cr x1mh8g0r x1vvkbs x126k92a\">\n<div dir=\"auto\" style=\"text-align: justify;\">C\u00f3mo parte de la responsabilidad institucional en caso de emergencia causada por un Desastre Natural en el departamento de Alta Verapaz se realiz\u00f3 un ejercicio de Simulaci\u00f3n de Emergencia por la Coordinadora Departamental para Reducci\u00f3n de Desastres -CODRED- que dirige la Goobernadora Departamental Dilia Margarita C\u00f3 Coy.<\/div>\n<\/div>\n<div class=\"x11i5rnm xat24cr x1mh8g0r x1vvkbs xtlvy1s x126k92a\" style=\"text-align: justify;\">\n<div dir=\"auto\">Esto forma parte de los ejercicios previos a un simulacro, que se realizar\u00e1 en los pr\u00f3ximos d\u00edas, para garantizar que cada instituci\u00f3n tiene conocimiento y puede ejecutar las acciones necesarias para atender un caso de desastre natural como inundaci\u00f3n, por ejemplo.<\/div>\n<\/div>\n<div class=\"x11i5rnm xat24cr x1mh8g0r x1vvkbs xtlvy1s x126k92a\" style=\"text-align: justify;\">\n<div dir=\"auto\">Participaron todas las instituciones que forman parte del sistema CONRED, y que est\u00e1n incluidas en el Plan Nacional de Respuesta.<\/div>\n<\/div>\n<div class=\"x11i5rnm xat24cr x1mh8g0r x1vvkbs xtlvy1s x126k92a\">\n<div dir=\"auto\" style=\"text-align: justify;\">La SE-CONRED estuvo a cargo de las presentaciones y los diferentes ejercicios que se realizaron y que forman parte de las responsabilidad del Centro de Operaciones de Emergencia que se activa en en caso de emergencias en el departamento.<\/div>\n<div dir=\"auto\"><\/div>\n<\/div>\n<div class=\"x11i5rnm xat24cr x1mh8g0r x1vvkbs xtlvy1s x126k92a\">\n<div dir=\"auto\"><span class=\"html-span xdj266r x11i5rnm xat24cr x1mh8g0r xexx8yu x4uap5 x18d9i69 xkhd6sd x1hl2dhg x16tdsg8 x1vvkbs\"><a class=\"x1i10hfl xjbqb8w x1ejq31n xd10rxx x1sy0etr x17r0tee x972fbf xcfux6l x1qhh985 xm0m39n x9f619 x1ypdohk xt0psk2 xe8uvvx xdj266r x11i5rnm xat24cr x1mh8g0r xexx8yu x4uap5 x18d9i69 xkhd6sd x16tdsg8 x1hl2dhg xggy1nq x1a2a7pz x1sur9pj xkrqix3 x1fey0fg xo1l8bm\" tabindex=\"0\" role=\"link\" href=\"https:\/\/www.facebook.com\/hashtag\/coedav?__eep__=6&amp;__cft__[0]=AZVIFu0-SsJsYionZZFtpRiFdbCt9nHgIp-vu8pwOer8DCkqFbQp1xOO76f6yIRmGZ0P3Cdv3ikrFOTq4bvuQCWClN_HVTLTZ41qL0oCWVTs8LpyQkRlenAhTZsx8xH2xEgCmlrbshG9xFjqSWvB7EtmRpkcZfrFEbaHK_xG4-8AaAvzsi8HlkDI_WMtn2qslzrq1IkfcguEy0rTd_OHpGt3&amp;__tn__=*NK-R\">#COEDAV<\/a><\/span><\/div>\n<\/div>\n<\/div>\n<\/div>\n<\/div>\n<\/div>\n<p>&nbsp;<\/p>\n<p>&nbsp;<\/p>\n<div><\/div>\n","protected":false},"excerpt":{"rendered":"<p>C\u00f3mo parte de la responsabilidad institucional en caso de emergencia causada por un Desastre Natural en el departamento de Alta Verapaz se realiz\u00f3 un ejercicio de Simulaci\u00f3n de Emergencia por la Coordinadora Departamental para Reducci\u00f3n de Desastres -CODRED- que dirige la Goobernadora Departamental Dilia Margarita C\u00f3 Coy. Esto forma parte de los ejercicios previos a [&hellip;]<\/p>\n","protected":false},"author":1,"featured_media":19545,"comment_status":"closed","ping_status":"open","sticky":false,"template":"","format":"standard","meta":[],"categories":[183],"tags":[178],"_links":{"self":[{"href":"https:\/\/gobernacionaltaverapaz.gob.gt\/index.php?rest_route=\/wp\/v2\/posts\/19544"}],"collection":[{"href":"https:\/\/gobernacionaltaverapaz.gob.gt\/index.php?rest_route=\/wp\/v2\/posts"}],"about":[{"href":"https:\/\/gobernacionaltaverapaz.gob.gt\/index.php?rest_route=\/wp\/v2\/types\/post"}],"author":[{"embeddable":true,"href":"https:\/\/gobernacionaltaverapaz.gob.gt\/index.php?rest_route=\/wp\/v2\/users\/1"}],"replies":[{"embeddable":true,"href":"https:\/\/gobernacionaltaverapaz.gob.gt\/index.php?rest_route=%2Fwp%2Fv2%2Fcomments&post=19544"}],"version-history":[{"count":1,"href":"https:\/\/gobernacionaltaverapaz.gob.gt\/index.php?rest_route=\/wp\/v2\/posts\/19544\/revisions"}],"predecessor-version":[{"id":19546,"href":"https:\/\/gobernacionaltaverapaz.gob.gt\/index.php?rest_route=\/wp\/v2\/posts\/19544\/revisions\/19546"}],"wp:featuredmedia":[{"embeddable":true,"href":"https:\/\/gobernacionaltaverapaz.gob.gt\/index.php?rest_route=\/wp\/v2\/media\/19545"}],"wp:attachment":[{"href":"https:\/\/gobernacionaltaverapaz.gob.gt\/index.php?rest_route=%2Fwp%2Fv2%2Fmedia&parent=19544"}],"wp:term":[{"taxonomy":"category","embeddable":true,"href":"https:\/\/gobernacionaltaverapaz.gob.gt\/index.php?rest_route=%2Fwp%2Fv2%2Fcategories&post=19544"},{"taxonomy":"post_tag","embeddable":true,"href":"https:\/\/gobernacionaltaverapaz.gob.gt\/index.php?rest_route=%2Fwp%2Fv2%2Ftags&post=19544"}],"curies":[{"name":"wp","href":"https:\/\/api.w.org\/{rel}","templated":true}]}}