{"id":19554,"date":"2024-08-19T14:34:08","date_gmt":"2024-08-19T20:34:08","guid":{"rendered":"https:\/\/gobernacionaltaverapaz.gob.gt\/?p=19554"},"modified":"2024-09-06T09:07:08","modified_gmt":"2024-09-06T15:07:08","slug":"campana-de-srp-y-opv-convoco-a-una-conferencia-de-prensa","status":"publish","type":"post","link":"https:\/\/gobernacionaltaverapaz.gob.gt\/?p=19554","title":{"rendered":"Campa\u00f1a de SRP y OPV convoc\u00f3 a una conferencia de prensa"},"content":{"rendered":"<div class=\"xdj266r x11i5rnm xat24cr x1mh8g0r x1vvkbs x126k92a\">\n<div dir=\"auto\" style=\"text-align: justify;\">La Gobernadora Dilia Margarita C\u00f3 Coy en su rol de Coordinadora General del Comit\u00e9 Departamental de Campa\u00f1a de SRP y OPV convoc\u00f3 a una conferencia de prensa este lunes 19 de agosto, para informar a la poblaci\u00f3n de Alta Verapaz que deben vacunar a sus hijos nacidos entre los a\u00f1os 2019 al 2022 con una dosis adicional al esquema horizontal, de forma indiscriminada de Sarampi\u00f3n -SPR- Y Poliomielitis -OPV-.<\/div>\n<\/div>\n<div class=\"x11i5rnm xat24cr x1mh8g0r x1vvkbs xtlvy1s x126k92a\" style=\"text-align: justify;\">\n<div dir=\"auto\">Acompa\u00f1ada de Coordinador del Director de la Direcci\u00f3n de Salud de Redes Integradas de Servicios de Salud de Alta Verapaz &#8211; DSRISSAV-, la Coordinadora Departamental de CONJUVE, el Director Departamental de MINEDUC, el Delegado Departamental de SESAN, la representante de las Direcciones Municipales de la Mujer, la SOSEP, la SEPREM y el MAGA, conforman el Comit\u00e9 Departamental de Campa\u00f1a.<\/div>\n<\/div>\n<div class=\"x11i5rnm xat24cr x1mh8g0r x1vvkbs xtlvy1s x126k92a\">\n<div dir=\"auto\" style=\"text-align: justify;\">Se insta a la poblaci\u00f3n a trasladar la informaci\u00f3n de esta camapa\u00f1a a su familia, vecinos, compa\u00f1eros y amistades para que se difunda la informaci\u00f3n y lograr cubrir al menos el 95% de poblaci\u00f3n de ni\u00f1os en edad de vacunaci\u00f3n.<\/div>\n<\/div>\n<p>&nbsp;<\/p>\n<div><\/div>\n<p>&nbsp;<\/p>\n","protected":false},"excerpt":{"rendered":"<p>La Gobernadora Dilia Margarita C\u00f3 Coy en su rol de Coordinadora General del Comit\u00e9 Departamental de Campa\u00f1a de SRP y OPV convoc\u00f3 a una conferencia de prensa este lunes 19 de agosto, para informar a la poblaci\u00f3n de Alta Verapaz que deben vacunar a sus hijos nacidos entre los a\u00f1os 2019 al 2022 con una [&hellip;]<\/p>\n","protected":false},"author":1,"featured_media":19555,"comment_status":"closed","ping_status":"open","sticky":false,"template":"","format":"standard","meta":[],"categories":[5],"tags":[178],"_links":{"self":[{"href":"https:\/\/gobernacionaltaverapaz.gob.gt\/index.php?rest_route=\/wp\/v2\/posts\/19554"}],"collection":[{"href":"https:\/\/gobernacionaltaverapaz.gob.gt\/index.php?rest_route=\/wp\/v2\/posts"}],"about":[{"href":"https:\/\/gobernacionaltaverapaz.gob.gt\/index.php?rest_route=\/wp\/v2\/types\/post"}],"author":[{"embeddable":true,"href":"https:\/\/gobernacionaltaverapaz.gob.gt\/index.php?rest_route=\/wp\/v2\/users\/1"}],"replies":[{"embeddable":true,"href":"https:\/\/gobernacionaltaverapaz.gob.gt\/index.php?rest_route=%2Fwp%2Fv2%2Fcomments&post=19554"}],"version-history":[{"count":1,"href":"https:\/\/gobernacionaltaverapaz.gob.gt\/index.php?rest_route=\/wp\/v2\/posts\/19554\/revisions"}],"predecessor-version":[{"id":19556,"href":"https:\/\/gobernacionaltaverapaz.gob.gt\/index.php?rest_route=\/wp\/v2\/posts\/19554\/revisions\/19556"}],"wp:featuredmedia":[{"embeddable":true,"href":"https:\/\/gobernacionaltaverapaz.gob.gt\/index.php?rest_route=\/wp\/v2\/media\/19555"}],"wp:attachment":[{"href":"https:\/\/gobernacionaltaverapaz.gob.gt\/index.php?rest_route=%2Fwp%2Fv2%2Fmedia&parent=19554"}],"wp:term":[{"taxonomy":"category","embeddable":true,"href":"https:\/\/gobernacionaltaverapaz.gob.gt\/index.php?rest_route=%2Fwp%2Fv2%2Fcategories&post=19554"},{"taxonomy":"post_tag","embeddable":true,"href":"https:\/\/gobernacionaltaverapaz.gob.gt\/index.php?rest_route=%2Fwp%2Fv2%2Ftags&post=19554"}],"curies":[{"name":"wp","href":"https:\/\/api.w.org\/{rel}","templated":true}]}}