{"id":19564,"date":"2024-08-20T19:29:35","date_gmt":"2024-08-21T01:29:35","guid":{"rendered":"https:\/\/gobernacionaltaverapaz.gob.gt\/?p=19564"},"modified":"2024-09-06T09:13:08","modified_gmt":"2024-09-06T15:13:08","slug":"reunion-clave-para-abordar-los-problemas-de-energia-electrica-ocasionados-por-la-construccion-de-la-carretera-ca-14","status":"publish","type":"post","link":"https:\/\/gobernacionaltaverapaz.gob.gt\/?p=19564","title":{"rendered":"Reuni\u00f3n clave para abordar los problemas de energ\u00eda el\u00e9ctrica ocasionados por la construcci\u00f3n de la carretera CA 14"},"content":{"rendered":"<div class=\"html-div xdj266r x11i5rnm xat24cr x1mh8g0r xexx8yu x4uap5 x18d9i69 xkhd6sd\" dir=\"auto\">\n<div id=\":rpp:\" class=\"x1l90r2v x1pi30zi x1swvt13 x1iorvi4\" data-ad-comet-preview=\"message\" data-ad-preview=\"message\">\n<div class=\"x78zum5 xdt5ytf xz62fqu x16ldp7u\">\n<div class=\"xu06os2 x1ok221b\">\n<div class=\"xdj266r x11i5rnm xat24cr x1mh8g0r x1vvkbs x126k92a\">\n<div dir=\"auto\" style=\"text-align: justify;\">Gobernaci\u00f3n Departamental, junto con la Constructora San Francisco, el Ministerio de Comunicaciones y Energuate, llevaron a cabo una reuni\u00f3n clave para abordar los problemas de energ\u00eda el\u00e9ctrica ocasionados por la construcci\u00f3n de la carretera CA 14.<\/div>\n<\/div>\n<div class=\"x11i5rnm xat24cr x1mh8g0r x1vvkbs xtlvy1s x126k92a\" style=\"text-align: justify;\">\n<div dir=\"auto\">Se ha conformado una mesa t\u00e9cnica departamental para dar seguimiento a esta situaci\u00f3n, en la cual participaron los alcaldes de Santa Cruz y San Crist\u00f3bal Verapaz, junto a nuestra Gobernadora Departamental.<\/div>\n<\/div>\n<div class=\"x11i5rnm xat24cr x1mh8g0r x1vvkbs xtlvy1s x126k92a\">\n<div dir=\"auto\" style=\"text-align: justify;\">Estamos comprometidos en buscar soluciones efectivas para mejorar la calidad de vida de nuestros vecinos. Seguiremos trabajando para garantizar que estos inconvenientes sean resueltos lo m\u00e1s pronto posible.<\/div>\n<\/div>\n<\/div>\n<\/div>\n<\/div>\n<\/div>\n<p>&nbsp;<\/p>\n<p>&nbsp;<\/p>\n\n","protected":false},"excerpt":{"rendered":"<p>Gobernaci\u00f3n Departamental, junto con la Constructora San Francisco, el Ministerio de Comunicaciones y Energuate, llevaron a cabo una reuni\u00f3n clave para abordar los problemas de energ\u00eda el\u00e9ctrica ocasionados por la construcci\u00f3n de la carretera CA 14. Se ha conformado una mesa t\u00e9cnica departamental para dar seguimiento a esta situaci\u00f3n, en la cual participaron los alcaldes [&hellip;]<\/p>\n","protected":false},"author":1,"featured_media":19565,"comment_status":"closed","ping_status":"open","sticky":false,"template":"","format":"standard","meta":[],"categories":[201,194],"tags":[178],"_links":{"self":[{"href":"https:\/\/gobernacionaltaverapaz.gob.gt\/index.php?rest_route=\/wp\/v2\/posts\/19564"}],"collection":[{"href":"https:\/\/gobernacionaltaverapaz.gob.gt\/index.php?rest_route=\/wp\/v2\/posts"}],"about":[{"href":"https:\/\/gobernacionaltaverapaz.gob.gt\/index.php?rest_route=\/wp\/v2\/types\/post"}],"author":[{"embeddable":true,"href":"https:\/\/gobernacionaltaverapaz.gob.gt\/index.php?rest_route=\/wp\/v2\/users\/1"}],"replies":[{"embeddable":true,"href":"https:\/\/gobernacionaltaverapaz.gob.gt\/index.php?rest_route=%2Fwp%2Fv2%2Fcomments&post=19564"}],"version-history":[{"count":1,"href":"https:\/\/gobernacionaltaverapaz.gob.gt\/index.php?rest_route=\/wp\/v2\/posts\/19564\/revisions"}],"predecessor-version":[{"id":19566,"href":"https:\/\/gobernacionaltaverapaz.gob.gt\/index.php?rest_route=\/wp\/v2\/posts\/19564\/revisions\/19566"}],"wp:featuredmedia":[{"embeddable":true,"href":"https:\/\/gobernacionaltaverapaz.gob.gt\/index.php?rest_route=\/wp\/v2\/media\/19565"}],"wp:attachment":[{"href":"https:\/\/gobernacionaltaverapaz.gob.gt\/index.php?rest_route=%2Fwp%2Fv2%2Fmedia&parent=19564"}],"wp:term":[{"taxonomy":"category","embeddable":true,"href":"https:\/\/gobernacionaltaverapaz.gob.gt\/index.php?rest_route=%2Fwp%2Fv2%2Fcategories&post=19564"},{"taxonomy":"post_tag","embeddable":true,"href":"https:\/\/gobernacionaltaverapaz.gob.gt\/index.php?rest_route=%2Fwp%2Fv2%2Ftags&post=19564"}],"curies":[{"name":"wp","href":"https:\/\/api.w.org\/{rel}","templated":true}]}}