{"id":19587,"date":"2024-08-22T13:09:13","date_gmt":"2024-08-22T19:09:13","guid":{"rendered":"https:\/\/gobernacionaltaverapaz.gob.gt\/?p=19587"},"modified":"2024-09-06T09:30:39","modified_gmt":"2024-09-06T15:30:39","slug":"dialogo-con-los-alcaldes-del-departamento","status":"publish","type":"post","link":"https:\/\/gobernacionaltaverapaz.gob.gt\/?p=19587","title":{"rendered":"Di\u00e1logo con los alcaldes del departamento"},"content":{"rendered":"<div class=\"xdj266r x11i5rnm xat24cr x1mh8g0r x1vvkbs x126k92a\">\n<div dir=\"auto\" style=\"text-align: justify;\">La Gobernadora de Alta Verapaz Dilia Margarita C\u00f3 Coy, en coordinaci\u00f3n con OPS\/OMS, inici\u00f3 hoy mi\u00e9rcoles 21 de agosto de 2024, un di\u00e1logo con los alcaldes del departamento.<\/div>\n<\/div>\n<div class=\"x11i5rnm xat24cr x1mh8g0r x1vvkbs xtlvy1s x126k92a\">\n<div dir=\"auto\" style=\"text-align: justify;\">Este esfuerzo busca coordinar acciones a corto, mediano y largo plazo para la construcci\u00f3n de Planes Municipales de Salud y la organizaci\u00f3n comunitaria en municipios con presencia de Organizaci\u00f3n Panamericana de la Salud.<\/div>\n<\/div>\n<p>&nbsp;<\/p>\n<p>&nbsp;<\/p>\n<div><\/div>\n<div><\/div>\n","protected":false},"excerpt":{"rendered":"<p>La Gobernadora de Alta Verapaz Dilia Margarita C\u00f3 Coy, en coordinaci\u00f3n con OPS\/OMS, inici\u00f3 hoy mi\u00e9rcoles 21 de agosto de 2024, un di\u00e1logo con los alcaldes del departamento. Este esfuerzo busca coordinar acciones a corto, mediano y largo plazo para la construcci\u00f3n de Planes Municipales de Salud y la organizaci\u00f3n comunitaria en municipios con presencia [&hellip;]<\/p>\n","protected":false},"author":1,"featured_media":19588,"comment_status":"closed","ping_status":"open","sticky":false,"template":"","format":"standard","meta":[],"categories":[194],"tags":[178],"_links":{"self":[{"href":"https:\/\/gobernacionaltaverapaz.gob.gt\/index.php?rest_route=\/wp\/v2\/posts\/19587"}],"collection":[{"href":"https:\/\/gobernacionaltaverapaz.gob.gt\/index.php?rest_route=\/wp\/v2\/posts"}],"about":[{"href":"https:\/\/gobernacionaltaverapaz.gob.gt\/index.php?rest_route=\/wp\/v2\/types\/post"}],"author":[{"embeddable":true,"href":"https:\/\/gobernacionaltaverapaz.gob.gt\/index.php?rest_route=\/wp\/v2\/users\/1"}],"replies":[{"embeddable":true,"href":"https:\/\/gobernacionaltaverapaz.gob.gt\/index.php?rest_route=%2Fwp%2Fv2%2Fcomments&post=19587"}],"version-history":[{"count":1,"href":"https:\/\/gobernacionaltaverapaz.gob.gt\/index.php?rest_route=\/wp\/v2\/posts\/19587\/revisions"}],"predecessor-version":[{"id":19589,"href":"https:\/\/gobernacionaltaverapaz.gob.gt\/index.php?rest_route=\/wp\/v2\/posts\/19587\/revisions\/19589"}],"wp:featuredmedia":[{"embeddable":true,"href":"https:\/\/gobernacionaltaverapaz.gob.gt\/index.php?rest_route=\/wp\/v2\/media\/19588"}],"wp:attachment":[{"href":"https:\/\/gobernacionaltaverapaz.gob.gt\/index.php?rest_route=%2Fwp%2Fv2%2Fmedia&parent=19587"}],"wp:term":[{"taxonomy":"category","embeddable":true,"href":"https:\/\/gobernacionaltaverapaz.gob.gt\/index.php?rest_route=%2Fwp%2Fv2%2Fcategories&post=19587"},{"taxonomy":"post_tag","embeddable":true,"href":"https:\/\/gobernacionaltaverapaz.gob.gt\/index.php?rest_route=%2Fwp%2Fv2%2Ftags&post=19587"}],"curies":[{"name":"wp","href":"https:\/\/api.w.org\/{rel}","templated":true}]}}