{"id":19596,"date":"2024-08-26T12:46:50","date_gmt":"2024-08-26T18:46:50","guid":{"rendered":"https:\/\/gobernacionaltaverapaz.gob.gt\/?p=19596"},"modified":"2024-09-06T09:39:27","modified_gmt":"2024-09-06T15:39:27","slug":"firma-dos-convenios-mas-para-el-ejercicio-fiscal-2024-con-la-municipalidad-de-chisec","status":"publish","type":"post","link":"https:\/\/gobernacionaltaverapaz.gob.gt\/?p=19596","title":{"rendered":"Firma dos Convenios m\u00e1s para el ejercicio fiscal 2024 con la Municipalidad de Chisec"},"content":{"rendered":"<div class=\"html-div xdj266r x11i5rnm xat24cr x1mh8g0r xexx8yu x4uap5 x18d9i69 xkhd6sd\" dir=\"auto\">\n<div id=\":rm5:\" class=\"x1l90r2v x1pi30zi x1swvt13 x1iorvi4\" data-ad-comet-preview=\"message\" data-ad-preview=\"message\">\n<div class=\"x78zum5 xdt5ytf xz62fqu x16ldp7u\">\n<div class=\"xu06os2 x1ok221b\">\n<div class=\"xdj266r x11i5rnm xat24cr x1mh8g0r x1vvkbs x126k92a\">\n<div dir=\"auto\" style=\"text-align: justify;\">El viernes 23 de agosto se firmaron dos Convenios m\u00e1s para el ejercicio fiscal 2024 con la Municipalidad de Chisec. Estuvieron presentes la gobernadora Dilia Margarita C\u00f3 Coy y el Alcalde Luis Francisco Reynaldo V\u00e1squez Pop, tambi\u00e9n estuvo el Subsecretario Ejecutivo para la Descentralizaci\u00f3n Walter Guillermo Del Cid Ram\u00edrez; acompa\u00f1ados de los delegados Departamental y Regional de la Secretar\u00eda de Coordinaci\u00f3n Ejecutiva de la Presidencia -SCEP- y de la Secretar\u00eda de Planificaci\u00f3n y Programaci\u00f3n de la Presidencia -SEGEPLAN-.<\/div>\n<\/div>\n<div class=\"x11i5rnm xat24cr x1mh8g0r x1vvkbs xtlvy1s x126k92a\" style=\"text-align: justify;\">\n<div dir=\"auto\">Los proyectos son:<\/div>\n<div dir=\"auto\">64-2024 &#8211; CONSTRUCCION SISTEMA DE AGUA POTABLE ALDEA SEMAX, CHISEC, ALTA VERAPAZ<\/div>\n<\/div>\n<div class=\"x11i5rnm xat24cr x1mh8g0r x1vvkbs xtlvy1s x126k92a\" style=\"text-align: justify;\">\n<div dir=\"auto\">65-2024 &#8211; CONSTRUCCION SISTEMA DE AGUA POTABLE ALDEA YALCHACTI, CHISEC, ALTA VERAPAZ<\/div>\n<\/div>\n<div class=\"x11i5rnm xat24cr x1mh8g0r x1vvkbs xtlvy1s x126k92a\" style=\"text-align: justify;\">\n<div dir=\"auto\">Desde la Gobernaci\u00f3n Departamental de Alta Verapaz hemos creado una sencilla plataforma para que la poblaci\u00f3n pueda realizar Auditor\u00eda Social de los proyectos de su municipio conociendo los Proyectos 2024 en el siguiente enlace:<\/div>\n<div dir=\"auto\"><\/div>\n<\/div>\n<div class=\"x11i5rnm xat24cr x1mh8g0r x1vvkbs xtlvy1s x126k92a\" style=\"text-align: justify;\">\n<div dir=\"auto\"><span class=\"html-span xdj266r x11i5rnm xat24cr x1mh8g0r xexx8yu x4uap5 x18d9i69 xkhd6sd x1hl2dhg x16tdsg8 x1vvkbs\"><a class=\"x1i10hfl xjbqb8w x1ejq31n xd10rxx x1sy0etr x17r0tee x972fbf xcfux6l x1qhh985 xm0m39n x9f619 x1ypdohk xt0psk2 xe8uvvx xdj266r x11i5rnm xat24cr x1mh8g0r xexx8yu x4uap5 x18d9i69 xkhd6sd x16tdsg8 x1hl2dhg xggy1nq x1a2a7pz x1sur9pj xkrqix3 x1fey0fg\" tabindex=\"0\" role=\"link\" href=\"https:\/\/gobernacionaltaverapaz.gob.gt\/links\/web005.html?fbclid=IwZXh0bgNhZW0CMTAAAR3OXdKT8cLbXDRTqr0gWCAMvt-5Bx3uUsi-sioKZFy2aBTUV0hjXhrLfIs_aem_FdpNKI540aiOsyz08piGzw\" target=\"_blank\" rel=\"nofollow noopener noreferrer\">https:\/\/gobernacionaltaverapaz.gob.gt\/links\/web005.html<\/a><\/span><\/div>\n<\/div>\n<div class=\"x11i5rnm xat24cr x1mh8g0r x1vvkbs xtlvy1s x126k92a\">\n<div dir=\"auto\" style=\"text-align: justify;\"><span class=\"html-span xdj266r x11i5rnm xat24cr x1mh8g0r xexx8yu x4uap5 x18d9i69 xkhd6sd x1hl2dhg x16tdsg8 x1vvkbs\"><a class=\"x1i10hfl xjbqb8w x1ejq31n xd10rxx x1sy0etr x17r0tee x972fbf xcfux6l x1qhh985 xm0m39n x9f619 x1ypdohk xt0psk2 xe8uvvx xdj266r x11i5rnm xat24cr x1mh8g0r xexx8yu x4uap5 x18d9i69 xkhd6sd x16tdsg8 x1hl2dhg xggy1nq x1a2a7pz x1sur9pj xkrqix3 x1fey0fg xo1l8bm\" tabindex=\"0\" role=\"link\" href=\"https:\/\/www.facebook.com\/hashtag\/guatemalasaleadelante?__eep__=6&amp;__cft__[0]=AZVLCUNkcGZvB8rFMMbIvjX_dplZge5Op3QAjfbUiz0_5zt5If4bqOhXfFwGhpB0IRFl3M-bJN8-svt_pUNTchgtFDbbjAbaD7QOyc1WAevwsc4U1ned3cDb_2DAqlnqNu9_XQ-6ysw46h6vQODVNxGXe4vcC02mfo-vTnB8bXF9zi8lPMnCJWKM0W7eVPosR7M32KzHFchIYPi9cAS0wnst&amp;__tn__=*NK-R\">#GuatemalaSaleAdelante<\/a><\/span> <span class=\"html-span xdj266r x11i5rnm xat24cr x1mh8g0r xexx8yu x4uap5 x18d9i69 xkhd6sd x1hl2dhg x16tdsg8 x1vvkbs\"><a class=\"x1i10hfl xjbqb8w x1ejq31n xd10rxx x1sy0etr x17r0tee x972fbf xcfux6l x1qhh985 xm0m39n x9f619 x1ypdohk xt0psk2 xe8uvvx xdj266r x11i5rnm xat24cr x1mh8g0r xexx8yu x4uap5 x18d9i69 xkhd6sd x16tdsg8 x1hl2dhg xggy1nq x1a2a7pz x1sur9pj xkrqix3 x1fey0fg xo1l8bm\" tabindex=\"0\" role=\"link\" href=\"https:\/\/www.facebook.com\/secretariaejecutiva.scep?__cft__[0]=AZVLCUNkcGZvB8rFMMbIvjX_dplZge5Op3QAjfbUiz0_5zt5If4bqOhXfFwGhpB0IRFl3M-bJN8-svt_pUNTchgtFDbbjAbaD7QOyc1WAevwsc4U1ned3cDb_2DAqlnqNu9_XQ-6ysw46h6vQODVNxGXe4vcC02mfo-vTnB8bXF9zi8lPMnCJWKM0W7eVPosR7M32KzHFchIYPi9cAS0wnst&amp;__tn__=-]K-R\"><span class=\"xt0psk2\">SCEP<\/span><\/a><\/span> <span class=\"html-span xdj266r x11i5rnm xat24cr x1mh8g0r xexx8yu x4uap5 x18d9i69 xkhd6sd x1hl2dhg x16tdsg8 x1vvkbs\"><a class=\"x1i10hfl xjbqb8w x1ejq31n xd10rxx x1sy0etr x17r0tee x972fbf xcfux6l x1qhh985 xm0m39n x9f619 x1ypdohk xt0psk2 xe8uvvx xdj266r x11i5rnm xat24cr x1mh8g0r xexx8yu x4uap5 x18d9i69 xkhd6sd x16tdsg8 x1hl2dhg xggy1nq x1a2a7pz x1sur9pj xkrqix3 x1fey0fg xo1l8bm\" tabindex=\"0\" role=\"link\" href=\"https:\/\/www.facebook.com\/SegeplanGT?__cft__[0]=AZVLCUNkcGZvB8rFMMbIvjX_dplZge5Op3QAjfbUiz0_5zt5If4bqOhXfFwGhpB0IRFl3M-bJN8-svt_pUNTchgtFDbbjAbaD7QOyc1WAevwsc4U1ned3cDb_2DAqlnqNu9_XQ-6ysw46h6vQODVNxGXe4vcC02mfo-vTnB8bXF9zi8lPMnCJWKM0W7eVPosR7M32KzHFchIYPi9cAS0wnst&amp;__tn__=-]K-R\"><span class=\"xt0psk2\">SEGEPLAN Guatemala<\/span><\/a><\/span> <span class=\"html-span xdj266r x11i5rnm xat24cr x1mh8g0r xexx8yu x4uap5 x18d9i69 xkhd6sd x1hl2dhg x16tdsg8 x1vvkbs\"><a class=\"x1i10hfl xjbqb8w x1ejq31n xd10rxx x1sy0etr x17r0tee x972fbf xcfux6l x1qhh985 xm0m39n x9f619 x1ypdohk xt0psk2 xe8uvvx xdj266r x11i5rnm xat24cr x1mh8g0r xexx8yu x4uap5 x18d9i69 xkhd6sd x16tdsg8 x1hl2dhg xggy1nq x1a2a7pz x1sur9pj xkrqix3 x1fey0fg xo1l8bm\" tabindex=\"0\" role=\"link\" href=\"https:\/\/www.facebook.com\/profile.php?id=61555393935433&amp;__cft__[0]=AZVLCUNkcGZvB8rFMMbIvjX_dplZge5Op3QAjfbUiz0_5zt5If4bqOhXfFwGhpB0IRFl3M-bJN8-svt_pUNTchgtFDbbjAbaD7QOyc1WAevwsc4U1ned3cDb_2DAqlnqNu9_XQ-6ysw46h6vQODVNxGXe4vcC02mfo-vTnB8bXF9zi8lPMnCJWKM0W7eVPosR7M32KzHFchIYPi9cAS0wnst&amp;__tn__=-]K-R\"><span class=\"xt0psk2\">Tu Muni Chisec<\/span><\/a><\/span><\/div>\n<\/div>\n<\/div>\n<\/div>\n<\/div>\n<\/div>\n<p>&nbsp;<\/p>\n<p>&nbsp;<\/p>\n<p>&nbsp;<\/p>\n<div><\/div>\n<p>&nbsp;<\/p>\n","protected":false},"excerpt":{"rendered":"<p>El viernes 23 de agosto se firmaron dos Convenios m\u00e1s para el ejercicio fiscal 2024 con la Municipalidad de Chisec. Estuvieron presentes la gobernadora Dilia Margarita C\u00f3 Coy y el Alcalde Luis Francisco Reynaldo V\u00e1squez Pop, tambi\u00e9n estuvo el Subsecretario Ejecutivo para la Descentralizaci\u00f3n Walter Guillermo Del Cid Ram\u00edrez; acompa\u00f1ados de los delegados Departamental y [&hellip;]<\/p>\n","protected":false},"author":1,"featured_media":19597,"comment_status":"closed","ping_status":"open","sticky":false,"template":"","format":"standard","meta":[],"categories":[194],"tags":[178],"_links":{"self":[{"href":"https:\/\/gobernacionaltaverapaz.gob.gt\/index.php?rest_route=\/wp\/v2\/posts\/19596"}],"collection":[{"href":"https:\/\/gobernacionaltaverapaz.gob.gt\/index.php?rest_route=\/wp\/v2\/posts"}],"about":[{"href":"https:\/\/gobernacionaltaverapaz.gob.gt\/index.php?rest_route=\/wp\/v2\/types\/post"}],"author":[{"embeddable":true,"href":"https:\/\/gobernacionaltaverapaz.gob.gt\/index.php?rest_route=\/wp\/v2\/users\/1"}],"replies":[{"embeddable":true,"href":"https:\/\/gobernacionaltaverapaz.gob.gt\/index.php?rest_route=%2Fwp%2Fv2%2Fcomments&post=19596"}],"version-history":[{"count":1,"href":"https:\/\/gobernacionaltaverapaz.gob.gt\/index.php?rest_route=\/wp\/v2\/posts\/19596\/revisions"}],"predecessor-version":[{"id":19598,"href":"https:\/\/gobernacionaltaverapaz.gob.gt\/index.php?rest_route=\/wp\/v2\/posts\/19596\/revisions\/19598"}],"wp:featuredmedia":[{"embeddable":true,"href":"https:\/\/gobernacionaltaverapaz.gob.gt\/index.php?rest_route=\/wp\/v2\/media\/19597"}],"wp:attachment":[{"href":"https:\/\/gobernacionaltaverapaz.gob.gt\/index.php?rest_route=%2Fwp%2Fv2%2Fmedia&parent=19596"}],"wp:term":[{"taxonomy":"category","embeddable":true,"href":"https:\/\/gobernacionaltaverapaz.gob.gt\/index.php?rest_route=%2Fwp%2Fv2%2Fcategories&post=19596"},{"taxonomy":"post_tag","embeddable":true,"href":"https:\/\/gobernacionaltaverapaz.gob.gt\/index.php?rest_route=%2Fwp%2Fv2%2Ftags&post=19596"}],"curies":[{"name":"wp","href":"https:\/\/api.w.org\/{rel}","templated":true}]}}