{"id":19609,"date":"2024-08-27T10:46:20","date_gmt":"2024-08-27T16:46:20","guid":{"rendered":"https:\/\/gobernacionaltaverapaz.gob.gt\/?p=19609"},"modified":"2024-09-06T09:46:13","modified_gmt":"2024-09-06T15:46:13","slug":"programa-de-fortalecimiento-de-capacidades-para-gobiernos-departamentales","status":"publish","type":"post","link":"https:\/\/gobernacionaltaverapaz.gob.gt\/?p=19609","title":{"rendered":"Programa de Fortalecimiento de Capacidades para Gobiernos Departamentales"},"content":{"rendered":"<div class=\"xdj266r x11i5rnm xat24cr x1mh8g0r x1vvkbs x126k92a\">\n<div dir=\"auto\" style=\"text-align: justify;\">Los gobernadores de los 22 departamentos del pa\u00eds se reunieron en Santa Cruz Verapaz, Alta Verapaz, el 22 y 23 de agosto para continuar con el Programa de Fortalecimiento de Capacidades para Gobiernos Departamentales.<\/div>\n<\/div>\n<div class=\"x11i5rnm xat24cr x1mh8g0r x1vvkbs xtlvy1s x126k92a\" style=\"text-align: justify;\">\n<div dir=\"auto\">La capacitaci\u00f3n, impulsada por el Instituto Nacional de Administraci\u00f3n P\u00fablica, abord\u00f3 temas clave como la lucha contra la desnutrici\u00f3n, el uso del Sistema SIPROCODE, y mecanismos para prevenir la corrupci\u00f3n.<\/div>\n<\/div>\n<div class=\"x11i5rnm xat24cr x1mh8g0r x1vvkbs xtlvy1s x126k92a\" style=\"text-align: justify;\">\n<div dir=\"auto\">Adem\u00e1s, se disfrut\u00f3 de una muestra cultural local con diversas agrupaciones de la regi\u00f3n.<\/div>\n<\/div>\n<div class=\"x11i5rnm xat24cr x1mh8g0r x1vvkbs xtlvy1s x126k92a\">\n<div dir=\"auto\" style=\"text-align: justify;\">Estas iniciativas apoyan la descentralizaci\u00f3n y fortalecimiento de los gobiernos locales de cara al 2025.<\/div>\n<\/div>\n<p>&nbsp;<\/p>\n<p>&nbsp;<\/p>\n<div><\/div>\n","protected":false},"excerpt":{"rendered":"<p>Los gobernadores de los 22 departamentos del pa\u00eds se reunieron en Santa Cruz Verapaz, Alta Verapaz, el 22 y 23 de agosto para continuar con el Programa de Fortalecimiento de Capacidades para Gobiernos Departamentales. La capacitaci\u00f3n, impulsada por el Instituto Nacional de Administraci\u00f3n P\u00fablica, abord\u00f3 temas clave como la lucha contra la desnutrici\u00f3n, el uso [&hellip;]<\/p>\n","protected":false},"author":1,"featured_media":19610,"comment_status":"closed","ping_status":"open","sticky":false,"template":"","format":"standard","meta":[],"categories":[183],"tags":[178],"_links":{"self":[{"href":"https:\/\/gobernacionaltaverapaz.gob.gt\/index.php?rest_route=\/wp\/v2\/posts\/19609"}],"collection":[{"href":"https:\/\/gobernacionaltaverapaz.gob.gt\/index.php?rest_route=\/wp\/v2\/posts"}],"about":[{"href":"https:\/\/gobernacionaltaverapaz.gob.gt\/index.php?rest_route=\/wp\/v2\/types\/post"}],"author":[{"embeddable":true,"href":"https:\/\/gobernacionaltaverapaz.gob.gt\/index.php?rest_route=\/wp\/v2\/users\/1"}],"replies":[{"embeddable":true,"href":"https:\/\/gobernacionaltaverapaz.gob.gt\/index.php?rest_route=%2Fwp%2Fv2%2Fcomments&post=19609"}],"version-history":[{"count":1,"href":"https:\/\/gobernacionaltaverapaz.gob.gt\/index.php?rest_route=\/wp\/v2\/posts\/19609\/revisions"}],"predecessor-version":[{"id":19611,"href":"https:\/\/gobernacionaltaverapaz.gob.gt\/index.php?rest_route=\/wp\/v2\/posts\/19609\/revisions\/19611"}],"wp:featuredmedia":[{"embeddable":true,"href":"https:\/\/gobernacionaltaverapaz.gob.gt\/index.php?rest_route=\/wp\/v2\/media\/19610"}],"wp:attachment":[{"href":"https:\/\/gobernacionaltaverapaz.gob.gt\/index.php?rest_route=%2Fwp%2Fv2%2Fmedia&parent=19609"}],"wp:term":[{"taxonomy":"category","embeddable":true,"href":"https:\/\/gobernacionaltaverapaz.gob.gt\/index.php?rest_route=%2Fwp%2Fv2%2Fcategories&post=19609"},{"taxonomy":"post_tag","embeddable":true,"href":"https:\/\/gobernacionaltaverapaz.gob.gt\/index.php?rest_route=%2Fwp%2Fv2%2Ftags&post=19609"}],"curies":[{"name":"wp","href":"https:\/\/api.w.org\/{rel}","templated":true}]}}