{"id":19631,"date":"2024-08-29T11:30:18","date_gmt":"2024-08-29T17:30:18","guid":{"rendered":"https:\/\/gobernacionaltaverapaz.gob.gt\/?p=19631"},"modified":"2024-09-06T10:05:33","modified_gmt":"2024-09-06T16:05:33","slug":"audiencia-con-conadi-para-tratar-la-situacion-de-las-personas-con-discapacidad","status":"publish","type":"post","link":"https:\/\/gobernacionaltaverapaz.gob.gt\/?p=19631","title":{"rendered":"Audiencia con CONADI para tratar la situaci\u00f3n de las personas con discapacidad"},"content":{"rendered":"<div class=\"xdj266r x11i5rnm xat24cr x1mh8g0r x1vvkbs x126k92a\">\n<div dir=\"auto\" style=\"text-align: justify;\">Desde Gobernaci\u00f3n Departamental, hemos tenido una audiencia con CONADI para tratar la situaci\u00f3n de las personas con discapacidad en nuestro departamento.<\/div>\n<\/div>\n<div class=\"x11i5rnm xat24cr x1mh8g0r x1vvkbs xtlvy1s x126k92a\" style=\"text-align: justify;\">\n<div dir=\"auto\">Seguimos comprometidos con promover la inclusi\u00f3n y el respeto por los derechos de todos. El Consejo Nacional para la Atenci\u00f3n de las Personas con Discapacidad -@conadiguate- es una entidad aut\u00f3noma con personer\u00eda jur\u00eddica y patrimonio propio con car\u00e1cter coordinador, asesor e impulsor de las pol\u00edticas generales en materia de discapacidad.<\/div>\n<\/div>\n<div class=\"x11i5rnm xat24cr x1mh8g0r x1vvkbs xtlvy1s x126k92a\">\n<div dir=\"auto\" style=\"text-align: justify;\">Su prop\u00f3sito es coordinar, asesorar e implementar la pol\u00edtica nacional en discapacidad para la integraci\u00f3n e inclusi\u00f3n social de personas con discapacidad en igualdad de condiciones<\/div>\n<\/div>\n<p>&nbsp;<\/p>\n<p>&nbsp;<\/p>\n<div><\/div>\n","protected":false},"excerpt":{"rendered":"<p>Desde Gobernaci\u00f3n Departamental, hemos tenido una audiencia con CONADI para tratar la situaci\u00f3n de las personas con discapacidad en nuestro departamento. Seguimos comprometidos con promover la inclusi\u00f3n y el respeto por los derechos de todos. El Consejo Nacional para la Atenci\u00f3n de las Personas con Discapacidad -@conadiguate- es una entidad aut\u00f3noma con personer\u00eda jur\u00eddica y [&hellip;]<\/p>\n","protected":false},"author":1,"featured_media":19632,"comment_status":"closed","ping_status":"open","sticky":false,"template":"","format":"standard","meta":[],"categories":[194,5],"tags":[178],"_links":{"self":[{"href":"https:\/\/gobernacionaltaverapaz.gob.gt\/index.php?rest_route=\/wp\/v2\/posts\/19631"}],"collection":[{"href":"https:\/\/gobernacionaltaverapaz.gob.gt\/index.php?rest_route=\/wp\/v2\/posts"}],"about":[{"href":"https:\/\/gobernacionaltaverapaz.gob.gt\/index.php?rest_route=\/wp\/v2\/types\/post"}],"author":[{"embeddable":true,"href":"https:\/\/gobernacionaltaverapaz.gob.gt\/index.php?rest_route=\/wp\/v2\/users\/1"}],"replies":[{"embeddable":true,"href":"https:\/\/gobernacionaltaverapaz.gob.gt\/index.php?rest_route=%2Fwp%2Fv2%2Fcomments&post=19631"}],"version-history":[{"count":1,"href":"https:\/\/gobernacionaltaverapaz.gob.gt\/index.php?rest_route=\/wp\/v2\/posts\/19631\/revisions"}],"predecessor-version":[{"id":19633,"href":"https:\/\/gobernacionaltaverapaz.gob.gt\/index.php?rest_route=\/wp\/v2\/posts\/19631\/revisions\/19633"}],"wp:featuredmedia":[{"embeddable":true,"href":"https:\/\/gobernacionaltaverapaz.gob.gt\/index.php?rest_route=\/wp\/v2\/media\/19632"}],"wp:attachment":[{"href":"https:\/\/gobernacionaltaverapaz.gob.gt\/index.php?rest_route=%2Fwp%2Fv2%2Fmedia&parent=19631"}],"wp:term":[{"taxonomy":"category","embeddable":true,"href":"https:\/\/gobernacionaltaverapaz.gob.gt\/index.php?rest_route=%2Fwp%2Fv2%2Fcategories&post=19631"},{"taxonomy":"post_tag","embeddable":true,"href":"https:\/\/gobernacionaltaverapaz.gob.gt\/index.php?rest_route=%2Fwp%2Fv2%2Ftags&post=19631"}],"curies":[{"name":"wp","href":"https:\/\/api.w.org\/{rel}","templated":true}]}}