{"id":19642,"date":"2024-09-02T08:58:36","date_gmt":"2024-09-02T14:58:36","guid":{"rendered":"https:\/\/gobernacionaltaverapaz.gob.gt\/?p=19642"},"modified":"2024-09-06T10:13:19","modified_gmt":"2024-09-06T16:13:19","slug":"reunion-del-consejo-departamental-de-codedeav","status":"publish","type":"post","link":"https:\/\/gobernacionaltaverapaz.gob.gt\/?p=19642","title":{"rendered":"Reuni\u00f3n del Consejo Departamental de -CODEDEAV"},"content":{"rendered":"<div class=\"xdj266r x11i5rnm xat24cr x1mh8g0r x1vvkbs x126k92a\">\n<div dir=\"auto\" style=\"text-align: justify;\">Este pasado viernes 30 de agosto se llev\u00f3 a cabo la m\u00e1s reciente reuni\u00f3n del Consejo Departamental de Desarrollo de Alta Verapaz -CODEDEAV-, presidida por la Gobernadora Dilia Margarita C\u00f3 Coy, en la que se abordaron temas cruciales para el desarrollo del departamento:<\/div>\n<\/div>\n<div class=\"x11i5rnm xat24cr x1mh8g0r x1vvkbs xtlvy1s x126k92a\" style=\"text-align: justify;\">\n<div dir=\"auto\">\u00a0Se present\u00f3 un informe sobre los avances f\u00edsicos y financieros de los proyectos del ejercicio fiscal 2024, as\u00ed como de aquellos con recursos asignados a la Gran Cruzada Nacional por la Nutrici\u00f3n.<\/div>\n<\/div>\n<div class=\"x11i5rnm xat24cr x1mh8g0r x1vvkbs xtlvy1s x126k92a\" style=\"text-align: justify;\">\n<div dir=\"auto\">\u00a0Dos nuevos proyectos de la GCNN fueron aprobados, beneficiando a los municipios de Senah\u00fa y Fray Bartolom\u00e9 de las Casas, impulsando as\u00ed el desarrollo y bienestar en estas comunidades.<\/div>\n<\/div>\n<div class=\"x11i5rnm xat24cr x1mh8g0r x1vvkbs xtlvy1s x126k92a\" style=\"text-align: justify;\">\n<div dir=\"auto\">\u00a0Se realiz\u00f3 una intervenci\u00f3n fundamental sobre la gesti\u00f3n de riesgos en el departamento, asegurando que la institucionalidad est\u00e9 preparada para enfrentar cualquier eventualidad.<\/div>\n<\/div>\n<div class=\"x11i5rnm xat24cr x1mh8g0r x1vvkbs xtlvy1s x126k92a\" style=\"text-align: justify;\">\n<div dir=\"auto\">\u00a0Tambi\u00e9n se present\u00f3 la Agencia Especializada en Delitos contra Turistas Extranjeros, reafirmando el compromiso con la seguridad y protecci\u00f3n de quienes visitan la regi\u00f3n.<\/div>\n<\/div>\n<div class=\"x11i5rnm xat24cr x1mh8g0r x1vvkbs xtlvy1s x126k92a\" style=\"text-align: justify;\">\n<div dir=\"auto\">\u00a0En puntos varios se trataron los siguientes temas:<\/div>\n<\/div>\n<div class=\"x11i5rnm xat24cr x1mh8g0r x1vvkbs xtlvy1s x126k92a\" style=\"text-align: justify;\">\n<div dir=\"auto\">&#8211; Se discuti\u00f3 la creciente conflictividad agraria en el departamento y las medidas de mitigaci\u00f3n que se est\u00e1n tomando.<\/div>\n<div dir=\"auto\">&#8211; Se solicit\u00f3 acompa\u00f1amiento para la conformaci\u00f3n de una Mesa T\u00e9cnica de Conflictividad en Santa Cruz Verapaz.<\/div>\n<div dir=\"auto\">&#8211; Se present\u00f3 la fecha para la elecci\u00f3n de la representaci\u00f3n de Organizaciones de Mujeres para el CODEDE.<\/div>\n<div dir=\"auto\">&#8211; Se abord\u00f3 la situaci\u00f3n de la educaci\u00f3n en Sakatalji&#8217;, Cob\u00e1n, y la conflictividad social en la regi\u00f3n.<\/div>\n<div dir=\"auto\">&#8211; Tambi\u00e9n se revisaron los avances f\u00edsicos y financieros de los proyectos presentados por el bloque de las Organizaciones No Gubernamentales.<\/div>\n<div dir=\"auto\">&#8211; La Secretaria de Planificaci\u00f3n y Programaci\u00f3n de la Presidencia -SEGEPLAN- socializ\u00f3 el proceso de las pr\u00f3ximas Ferias de Becas en el departamento.<\/div>\n<\/div>\n<div class=\"x11i5rnm xat24cr x1mh8g0r x1vvkbs xtlvy1s x126k92a\" style=\"text-align: justify;\">\n<div dir=\"auto\">Para que conozca el contenido detallado del acta de la reuni\u00f3n le compartimos el siguiente enlace<\/div>\n<\/div>\n<div class=\"x11i5rnm xat24cr x1mh8g0r x1vvkbs xtlvy1s x126k92a\" style=\"text-align: justify;\">\n<div dir=\"auto\"><span class=\"html-span xdj266r x11i5rnm xat24cr x1mh8g0r xexx8yu x4uap5 x18d9i69 xkhd6sd x1hl2dhg x16tdsg8 x1vvkbs\"><a class=\"x1i10hfl xjbqb8w x1ejq31n xd10rxx x1sy0etr x17r0tee x972fbf xcfux6l x1qhh985 xm0m39n x9f619 x1ypdohk xt0psk2 xe8uvvx xdj266r x11i5rnm xat24cr x1mh8g0r xexx8yu x4uap5 x18d9i69 xkhd6sd x16tdsg8 x1hl2dhg xggy1nq x1a2a7pz x1sur9pj xkrqix3 x1fey0fg\" tabindex=\"0\" role=\"link\" href=\"https:\/\/l.facebook.com\/l.php?u=https%3A%2F%2Fgobernacionaltaverapaz.gob.gt%2Flinks%2Fweb008.html%3Ffbclid%3DIwZXh0bgNhZW0CMTAAAR2eBLGMA1-F6lwt923LbQWVvlOpXr2rXU-4NJ8ZQSMWRa6W-pUtG1dh9eI_aem_qJckl9IOCG5c0NQGkukZpw&amp;h=AT2RtDUiB3cvOVmAb_As4UjlxoWiJuG-bn-VUuUTH5yedRUVs-Hp7IQysiZeV7Ch5jONeyT1MqBoMiziFVQjM65x7FSQCQrzjP1Eq0TE0KVxPUgfPKoXmmLdPYXN8laMIaZxr-nOAQvHrz0y4DxY&amp;__tn__=-UK-R&amp;c[0]=AT3fcTQt3zQy0siicy2DK-qS8AJ2L6oGZNTjYtCynQhgo0kQ1_k84xPLfgrI7FVlrz2Q_HKDhO9PWDHrSJ-gifReBuCBhoMOOhzUg7e-iZwAwd2lrHcDRynF7LKtc6e_PGs2JTY3iOh5QqgR-jEC7EyjcXUwvzhttp0-8_xJcoJOmeiT-_tgnmyxFHq0DrH47g39Z5FH9Dkfd_HmsstMKXYyMDvUgMrJ1awb\" target=\"_blank\" rel=\"nofollow noopener noreferrer\">https:\/\/gobernacionaltaverapaz.gob.gt\/links\/web008.html<\/a><\/span><\/div>\n<\/div>\n<div class=\"x11i5rnm xat24cr x1mh8g0r x1vvkbs xtlvy1s x126k92a\" style=\"text-align: justify;\">\n<div dir=\"auto\">.<\/div>\n<div dir=\"auto\">Tambi\u00e9n invitamos a la poblaci\u00f3n a ser part\u00edcipe de la auditor\u00eda social de las obras que se ejecutan en sus municipios con fondos del CODEDE, en este enlace.<\/div>\n<\/div>\n<div class=\"x11i5rnm xat24cr x1mh8g0r x1vvkbs xtlvy1s x126k92a\" style=\"text-align: justify;\">\n<div dir=\"auto\"><span class=\"html-span xdj266r x11i5rnm xat24cr x1mh8g0r xexx8yu x4uap5 x18d9i69 xkhd6sd x1hl2dhg x16tdsg8 x1vvkbs\"><a class=\"x1i10hfl xjbqb8w x1ejq31n xd10rxx x1sy0etr x17r0tee x972fbf xcfux6l x1qhh985 xm0m39n x9f619 x1ypdohk xt0psk2 xe8uvvx xdj266r x11i5rnm xat24cr x1mh8g0r xexx8yu x4uap5 x18d9i69 xkhd6sd x16tdsg8 x1hl2dhg xggy1nq x1a2a7pz x1sur9pj xkrqix3 x1fey0fg\" tabindex=\"0\" role=\"link\" href=\"https:\/\/l.facebook.com\/l.php?u=https%3A%2F%2Fgobernacionaltaverapaz.gob.gt%2Flinks%2Fweb005.html%3Ffbclid%3DIwZXh0bgNhZW0CMTAAAR1V0FOqFBn40VLiiplIyQQByao4LUJW6alXdj5vyuzVkhn-BRSybUoosXE_aem_EUP3qKGr5MS6bZ6qKFjAFg&amp;h=AT0CPCi6y3S5C5t_9hVu_DJKgnkl8RdMqLdXJ59pEJnDS1cO4ZqYnPxjkaKXc0BFWmgDLmDCnqBzQ7wCpTIntnXUGMIuae1rFjY56I2ltdVpcawGoo4wLj4cdWaArwebyhuHxa8FmN3HNiChlbnt&amp;__tn__=-UK-R&amp;c[0]=AT3fcTQt3zQy0siicy2DK-qS8AJ2L6oGZNTjYtCynQhgo0kQ1_k84xPLfgrI7FVlrz2Q_HKDhO9PWDHrSJ-gifReBuCBhoMOOhzUg7e-iZwAwd2lrHcDRynF7LKtc6e_PGs2JTY3iOh5QqgR-jEC7EyjcXUwvzhttp0-8_xJcoJOmeiT-_tgnmyxFHq0DrH47g39Z5FH9Dkfd_HmsstMKXYyMDvUgMrJ1awb\" target=\"_blank\" rel=\"nofollow noopener noreferrer\">https:\/\/gobernacionaltaverapaz.gob.gt\/links\/web005.html<\/a><\/span><\/div>\n<\/div>\n<div class=\"x11i5rnm xat24cr x1mh8g0r x1vvkbs xtlvy1s x126k92a\" style=\"text-align: justify;\">\n<div dir=\"auto\">.<\/div>\n<div dir=\"auto\">Env\u00ede un correo electr\u00f3nico a uip@gobernacionaltaverapaz.gob.gt para informar acerca de los proyectos en ejecuci\u00f3n.<\/div>\n<\/div>\n<div class=\"x11i5rnm xat24cr x1mh8g0r x1vvkbs xtlvy1s x126k92a\">\n<div dir=\"auto\" style=\"text-align: justify;\">El Consejo Departamental de Desarrollo de Alta Verapaz est\u00e1 comprometido con el desarrollo y bienestar de Alta Verapaz. \u00a1Juntos seguimos avanzando!<\/div>\n<\/div>\n<p>&nbsp;<\/p>\n<p>&nbsp;<\/p>\n<p>&nbsp;<\/p>\n<div><\/div>\n<p>&nbsp;<\/p>\n","protected":false},"excerpt":{"rendered":"<p>Este pasado viernes 30 de agosto se llev\u00f3 a cabo la m\u00e1s reciente reuni\u00f3n del Consejo Departamental de Desarrollo de Alta Verapaz -CODEDEAV-, presidida por la Gobernadora Dilia Margarita C\u00f3 Coy, en la que se abordaron temas cruciales para el desarrollo del departamento: \u00a0Se present\u00f3 un informe sobre los avances f\u00edsicos y financieros de los [&hellip;]<\/p>\n","protected":false},"author":1,"featured_media":19634,"comment_status":"closed","ping_status":"open","sticky":false,"template":"","format":"standard","meta":[],"categories":[194],"tags":[178],"_links":{"self":[{"href":"https:\/\/gobernacionaltaverapaz.gob.gt\/index.php?rest_route=\/wp\/v2\/posts\/19642"}],"collection":[{"href":"https:\/\/gobernacionaltaverapaz.gob.gt\/index.php?rest_route=\/wp\/v2\/posts"}],"about":[{"href":"https:\/\/gobernacionaltaverapaz.gob.gt\/index.php?rest_route=\/wp\/v2\/types\/post"}],"author":[{"embeddable":true,"href":"https:\/\/gobernacionaltaverapaz.gob.gt\/index.php?rest_route=\/wp\/v2\/users\/1"}],"replies":[{"embeddable":true,"href":"https:\/\/gobernacionaltaverapaz.gob.gt\/index.php?rest_route=%2Fwp%2Fv2%2Fcomments&post=19642"}],"version-history":[{"count":1,"href":"https:\/\/gobernacionaltaverapaz.gob.gt\/index.php?rest_route=\/wp\/v2\/posts\/19642\/revisions"}],"predecessor-version":[{"id":19643,"href":"https:\/\/gobernacionaltaverapaz.gob.gt\/index.php?rest_route=\/wp\/v2\/posts\/19642\/revisions\/19643"}],"wp:featuredmedia":[{"embeddable":true,"href":"https:\/\/gobernacionaltaverapaz.gob.gt\/index.php?rest_route=\/wp\/v2\/media\/19634"}],"wp:attachment":[{"href":"https:\/\/gobernacionaltaverapaz.gob.gt\/index.php?rest_route=%2Fwp%2Fv2%2Fmedia&parent=19642"}],"wp:term":[{"taxonomy":"category","embeddable":true,"href":"https:\/\/gobernacionaltaverapaz.gob.gt\/index.php?rest_route=%2Fwp%2Fv2%2Fcategories&post=19642"},{"taxonomy":"post_tag","embeddable":true,"href":"https:\/\/gobernacionaltaverapaz.gob.gt\/index.php?rest_route=%2Fwp%2Fv2%2Ftags&post=19642"}],"curies":[{"name":"wp","href":"https:\/\/api.w.org\/{rel}","templated":true}]}}