{"id":19655,"date":"2024-09-02T10:30:35","date_gmt":"2024-09-02T16:30:35","guid":{"rendered":"https:\/\/gobernacionaltaverapaz.gob.gt\/?p=19655"},"modified":"2024-09-06T10:20:20","modified_gmt":"2024-09-06T16:20:20","slug":"inauguracion-de-la-escuela-para-ninas-de-la-aldea-las-pacayas","status":"publish","type":"post","link":"https:\/\/gobernacionaltaverapaz.gob.gt\/?p=19655","title":{"rendered":"Inauguraci\u00f3n de La Escuela para NI\u00f1as de la Aldea Las Pacayas"},"content":{"rendered":"<div class=\"xdj266r x11i5rnm xat24cr x1mh8g0r x1vvkbs x126k92a\">\n<div dir=\"auto\" style=\"text-align: justify;\">El pasado 28 de agosto, la gobernadora Dilia Margarita C\u00f3 Coy, acompa\u00f1\u00f3 al se\u00f1or alcalde municipal de San Crist\u00f3bal Verapaz Celso Gue Gua para la inauguraci\u00f3n de La Escuela para NI\u00f1as de la Aldea Las Pacayas.<\/div>\n<\/div>\n<div class=\"x11i5rnm xat24cr x1mh8g0r x1vvkbs xtlvy1s x126k92a\">\n<div dir=\"auto\" style=\"text-align: justify;\">Este es un proyecto que logra concluirse y es importante para ir cerrando la brecha de las Obras de Arrastre de ejercicios fiscales anteriores y de esta forma ir saneando el plan de inversi\u00f3n del <span class=\"html-span xdj266r x11i5rnm xat24cr x1mh8g0r xexx8yu x4uap5 x18d9i69 xkhd6sd x1hl2dhg x16tdsg8 x1vvkbs\"><a class=\"x1i10hfl xjbqb8w x1ejq31n xd10rxx x1sy0etr x17r0tee x972fbf xcfux6l x1qhh985 xm0m39n x9f619 x1ypdohk xt0psk2 xe8uvvx xdj266r x11i5rnm xat24cr x1mh8g0r xexx8yu x4uap5 x18d9i69 xkhd6sd x16tdsg8 x1hl2dhg xggy1nq x1a2a7pz x1sur9pj xkrqix3 x1fey0fg xo1l8bm\" tabindex=\"0\" role=\"link\" href=\"https:\/\/www.facebook.com\/hashtag\/codedeav?__eep__=6&amp;__cft__[0]=AZWFlc-ygFlYdkkot1QoRPfs41s1KdGdUx2JPJUY2KaEF1ivIP4MBI_BNQFRY3de7LW2dEY3XmHPY6zeJZvDM53UYr_HrbQqz41wO5hFX0RrbLPC4JF4gaZmPHvqR2Ft0cSK-fa4ulNd_NK9OopetY8WRzI6McCkZNUezeQCsVMx1GBypfksIErVywRIVz_Vgf2mw1qF3l_sh6eAu60Xujzr&amp;__tn__=*NK-R\">#codedeav<\/a><\/span><\/div>\n<\/div>\n<p>&nbsp;<\/p>\n<p>&nbsp;<\/p>\n<div><\/div>\n","protected":false},"excerpt":{"rendered":"<p>El pasado 28 de agosto, la gobernadora Dilia Margarita C\u00f3 Coy, acompa\u00f1\u00f3 al se\u00f1or alcalde municipal de San Crist\u00f3bal Verapaz Celso Gue Gua para la inauguraci\u00f3n de La Escuela para NI\u00f1as de la Aldea Las Pacayas. Este es un proyecto que logra concluirse y es importante para ir cerrando la brecha de las Obras de [&hellip;]<\/p>\n","protected":false},"author":1,"featured_media":19656,"comment_status":"closed","ping_status":"open","sticky":false,"template":"","format":"standard","meta":[],"categories":[183,2,195],"tags":[178],"_links":{"self":[{"href":"https:\/\/gobernacionaltaverapaz.gob.gt\/index.php?rest_route=\/wp\/v2\/posts\/19655"}],"collection":[{"href":"https:\/\/gobernacionaltaverapaz.gob.gt\/index.php?rest_route=\/wp\/v2\/posts"}],"about":[{"href":"https:\/\/gobernacionaltaverapaz.gob.gt\/index.php?rest_route=\/wp\/v2\/types\/post"}],"author":[{"embeddable":true,"href":"https:\/\/gobernacionaltaverapaz.gob.gt\/index.php?rest_route=\/wp\/v2\/users\/1"}],"replies":[{"embeddable":true,"href":"https:\/\/gobernacionaltaverapaz.gob.gt\/index.php?rest_route=%2Fwp%2Fv2%2Fcomments&post=19655"}],"version-history":[{"count":1,"href":"https:\/\/gobernacionaltaverapaz.gob.gt\/index.php?rest_route=\/wp\/v2\/posts\/19655\/revisions"}],"predecessor-version":[{"id":19657,"href":"https:\/\/gobernacionaltaverapaz.gob.gt\/index.php?rest_route=\/wp\/v2\/posts\/19655\/revisions\/19657"}],"wp:featuredmedia":[{"embeddable":true,"href":"https:\/\/gobernacionaltaverapaz.gob.gt\/index.php?rest_route=\/wp\/v2\/media\/19656"}],"wp:attachment":[{"href":"https:\/\/gobernacionaltaverapaz.gob.gt\/index.php?rest_route=%2Fwp%2Fv2%2Fmedia&parent=19655"}],"wp:term":[{"taxonomy":"category","embeddable":true,"href":"https:\/\/gobernacionaltaverapaz.gob.gt\/index.php?rest_route=%2Fwp%2Fv2%2Fcategories&post=19655"},{"taxonomy":"post_tag","embeddable":true,"href":"https:\/\/gobernacionaltaverapaz.gob.gt\/index.php?rest_route=%2Fwp%2Fv2%2Ftags&post=19655"}],"curies":[{"name":"wp","href":"https:\/\/api.w.org\/{rel}","templated":true}]}}