{"id":19676,"date":"2024-09-03T08:14:45","date_gmt":"2024-09-03T14:14:45","guid":{"rendered":"https:\/\/gobernacionaltaverapaz.gob.gt\/?p=19676"},"modified":"2024-09-06T10:34:49","modified_gmt":"2024-09-06T16:34:49","slug":"aldea-la-providencia-en-san-cristobal-verapaz-celebra-con-orgullo-el-desfile-por-la-colocacion-de-la-primera-piedra","status":"publish","type":"post","link":"https:\/\/gobernacionaltaverapaz.gob.gt\/?p=19676","title":{"rendered":"Aldea La Providencia en San Crist\u00f3bal Verapaz celebra con orgullo el desfile por la colocaci\u00f3n de la primera piedra"},"content":{"rendered":"<div class=\"xdj266r x11i5rnm xat24cr x1mh8g0r x1vvkbs x126k92a\">\n<div dir=\"auto\" style=\"text-align: justify;\">La comunidad de la Aldea La Providencia en San Crist\u00f3bal Verapaz celebra con orgullo el desfile por la colocaci\u00f3n de la primera piedra de su escuela realizado el mi\u00e9rcoles 28 de agosto. Un evento lleno de alegr\u00eda, donde estudiantes, maestros y familias se unieron para marcar el inicio de una nueva etapa y el desarrollo de un proyecto:<\/div>\n<\/div>\n<div class=\"x11i5rnm xat24cr x1mh8g0r x1vvkbs xtlvy1s x126k92a\" style=\"text-align: justify;\">\n<div dir=\"auto\">Convenio 53-2024<\/div>\n<div dir=\"auto\">Proyecto: 330264 &#8211; MEJORAMIENTO ESCUELA PRIMARIA ALDEA LA PROVIDENCIA SAN CRISTOBAL VERAPAZ ALTA VERAPAZ<\/div>\n<\/div>\n<div class=\"x11i5rnm xat24cr x1mh8g0r x1vvkbs xtlvy1s x126k92a\" style=\"text-align: justify;\">\n<div dir=\"auto\">Con trajes t\u00edpicos, bandas musicales y la energ\u00eda de los j\u00f3venes, esta celebraci\u00f3n no solo honra la educaci\u00f3n, sino tambi\u00e9n la uni\u00f3n y el esfuerzo de toda la comunidad. La gobernadora Dilia Margarita C\u00f3 Coy estuvo presente en la actividad acompa\u00f1ando al alcalde Celso Gue Gua.<\/div>\n<\/div>\n<div class=\"x11i5rnm xat24cr x1mh8g0r x1vvkbs xtlvy1s x126k92a\">\n<div dir=\"auto\" style=\"text-align: justify;\">Estos acercamientos fortalecen las acciones interinstitucionales y las relaciones con el CODEDEAV.<\/div>\n<div dir=\"auto\"><\/div>\n<\/div>\n<p>&nbsp;<\/p>\n<div><\/div>\n","protected":false},"excerpt":{"rendered":"<p>La comunidad de la Aldea La Providencia en San Crist\u00f3bal Verapaz celebra con orgullo el desfile por la colocaci\u00f3n de la primera piedra de su escuela realizado el mi\u00e9rcoles 28 de agosto. Un evento lleno de alegr\u00eda, donde estudiantes, maestros y familias se unieron para marcar el inicio de una nueva etapa y el desarrollo [&hellip;]<\/p>\n","protected":false},"author":1,"featured_media":19677,"comment_status":"closed","ping_status":"open","sticky":false,"template":"","format":"standard","meta":[],"categories":[183,2],"tags":[178],"_links":{"self":[{"href":"https:\/\/gobernacionaltaverapaz.gob.gt\/index.php?rest_route=\/wp\/v2\/posts\/19676"}],"collection":[{"href":"https:\/\/gobernacionaltaverapaz.gob.gt\/index.php?rest_route=\/wp\/v2\/posts"}],"about":[{"href":"https:\/\/gobernacionaltaverapaz.gob.gt\/index.php?rest_route=\/wp\/v2\/types\/post"}],"author":[{"embeddable":true,"href":"https:\/\/gobernacionaltaverapaz.gob.gt\/index.php?rest_route=\/wp\/v2\/users\/1"}],"replies":[{"embeddable":true,"href":"https:\/\/gobernacionaltaverapaz.gob.gt\/index.php?rest_route=%2Fwp%2Fv2%2Fcomments&post=19676"}],"version-history":[{"count":1,"href":"https:\/\/gobernacionaltaverapaz.gob.gt\/index.php?rest_route=\/wp\/v2\/posts\/19676\/revisions"}],"predecessor-version":[{"id":19678,"href":"https:\/\/gobernacionaltaverapaz.gob.gt\/index.php?rest_route=\/wp\/v2\/posts\/19676\/revisions\/19678"}],"wp:featuredmedia":[{"embeddable":true,"href":"https:\/\/gobernacionaltaverapaz.gob.gt\/index.php?rest_route=\/wp\/v2\/media\/19677"}],"wp:attachment":[{"href":"https:\/\/gobernacionaltaverapaz.gob.gt\/index.php?rest_route=%2Fwp%2Fv2%2Fmedia&parent=19676"}],"wp:term":[{"taxonomy":"category","embeddable":true,"href":"https:\/\/gobernacionaltaverapaz.gob.gt\/index.php?rest_route=%2Fwp%2Fv2%2Fcategories&post=19676"},{"taxonomy":"post_tag","embeddable":true,"href":"https:\/\/gobernacionaltaverapaz.gob.gt\/index.php?rest_route=%2Fwp%2Fv2%2Ftags&post=19676"}],"curies":[{"name":"wp","href":"https:\/\/api.w.org\/{rel}","templated":true}]}}