{"id":19689,"date":"2024-09-03T11:32:25","date_gmt":"2024-09-03T17:32:25","guid":{"rendered":"https:\/\/gobernacionaltaverapaz.gob.gt\/?p=19689"},"modified":"2024-09-06T10:41:22","modified_gmt":"2024-09-06T16:41:22","slug":"inauguracion-de-la-feria-municipal-de-panzos","status":"publish","type":"post","link":"https:\/\/gobernacionaltaverapaz.gob.gt\/?p=19689","title":{"rendered":"Inauguraci\u00f3n de la Feria Municipal de Panz\u00f3s"},"content":{"rendered":"<div class=\"xdj266r x11i5rnm xat24cr x1mh8g0r x1vvkbs x126k92a\">\n<div dir=\"auto\" style=\"text-align: justify;\">Este pasado jueves 29 de agosto de 2023 se inaugur\u00f3 la Feria Municipal de Panz\u00f3s al acto el alcalde Jorge Choc Ac invit\u00f3 a la gobernadora Dilia Margarita C\u00f3 Coy como autoridad del departamento,<\/div>\n<\/div>\n<div class=\"x11i5rnm xat24cr x1mh8g0r x1vvkbs xtlvy1s x126k92a\">\n<div dir=\"auto\" style=\"text-align: justify;\">Participar en este tipo de eventos fortalece los lazos de colaboraci\u00f3n interinstitucional y permite el acercamiento con las poblaciones.<\/div>\n<\/div>\n<p>&nbsp;<\/p>\n<p>&nbsp;<\/p>\n<div><\/div>\n<p>&nbsp;<\/p>\n","protected":false},"excerpt":{"rendered":"<p>Este pasado jueves 29 de agosto de 2023 se inaugur\u00f3 la Feria Municipal de Panz\u00f3s al acto el alcalde Jorge Choc Ac invit\u00f3 a la gobernadora Dilia Margarita C\u00f3 Coy como autoridad del departamento, Participar en este tipo de eventos fortalece los lazos de colaboraci\u00f3n interinstitucional y permite el acercamiento con las poblaciones. &nbsp; &nbsp; [&hellip;]<\/p>\n","protected":false},"author":1,"featured_media":19690,"comment_status":"closed","ping_status":"open","sticky":false,"template":"","format":"standard","meta":[],"categories":[183,2],"tags":[178],"_links":{"self":[{"href":"https:\/\/gobernacionaltaverapaz.gob.gt\/index.php?rest_route=\/wp\/v2\/posts\/19689"}],"collection":[{"href":"https:\/\/gobernacionaltaverapaz.gob.gt\/index.php?rest_route=\/wp\/v2\/posts"}],"about":[{"href":"https:\/\/gobernacionaltaverapaz.gob.gt\/index.php?rest_route=\/wp\/v2\/types\/post"}],"author":[{"embeddable":true,"href":"https:\/\/gobernacionaltaverapaz.gob.gt\/index.php?rest_route=\/wp\/v2\/users\/1"}],"replies":[{"embeddable":true,"href":"https:\/\/gobernacionaltaverapaz.gob.gt\/index.php?rest_route=%2Fwp%2Fv2%2Fcomments&post=19689"}],"version-history":[{"count":1,"href":"https:\/\/gobernacionaltaverapaz.gob.gt\/index.php?rest_route=\/wp\/v2\/posts\/19689\/revisions"}],"predecessor-version":[{"id":19691,"href":"https:\/\/gobernacionaltaverapaz.gob.gt\/index.php?rest_route=\/wp\/v2\/posts\/19689\/revisions\/19691"}],"wp:featuredmedia":[{"embeddable":true,"href":"https:\/\/gobernacionaltaverapaz.gob.gt\/index.php?rest_route=\/wp\/v2\/media\/19690"}],"wp:attachment":[{"href":"https:\/\/gobernacionaltaverapaz.gob.gt\/index.php?rest_route=%2Fwp%2Fv2%2Fmedia&parent=19689"}],"wp:term":[{"taxonomy":"category","embeddable":true,"href":"https:\/\/gobernacionaltaverapaz.gob.gt\/index.php?rest_route=%2Fwp%2Fv2%2Fcategories&post=19689"},{"taxonomy":"post_tag","embeddable":true,"href":"https:\/\/gobernacionaltaverapaz.gob.gt\/index.php?rest_route=%2Fwp%2Fv2%2Ftags&post=19689"}],"curies":[{"name":"wp","href":"https:\/\/api.w.org\/{rel}","templated":true}]}}