{"id":19699,"date":"2024-09-03T14:48:19","date_gmt":"2024-09-03T20:48:19","guid":{"rendered":"https:\/\/gobernacionaltaverapaz.gob.gt\/?p=19699"},"modified":"2024-09-06T10:47:14","modified_gmt":"2024-09-06T16:47:14","slug":"reunion-con-unfpa-y-swisscontact","status":"publish","type":"post","link":"https:\/\/gobernacionaltaverapaz.gob.gt\/?p=19699","title":{"rendered":"Reuni\u00f3n con UNFPA y SWISSCONTACT"},"content":{"rendered":"<div class=\"html-div xdj266r x11i5rnm xat24cr x1mh8g0r xexx8yu x4uap5 x18d9i69 xkhd6sd\" dir=\"auto\">\n<div id=\":rch:\" class=\"x1l90r2v x1pi30zi x1swvt13 x1iorvi4\" data-ad-comet-preview=\"message\" data-ad-preview=\"message\">\n<div class=\"x78zum5 xdt5ytf xz62fqu x16ldp7u\">\n<div class=\"xu06os2 x1ok221b\">\n<div class=\"xdj266r x11i5rnm xat24cr x1mh8g0r x1vvkbs x126k92a\">\n<div dir=\"auto\" style=\"text-align: justify;\">Ayer lunes 2 de septiembre se llev\u00f3 a cabo una reuni\u00f3n con UNFPA y SWISSCONTACT para fortalecer estrategias y retomar las ferias de salud dirigidas a j\u00f3venes y mujeres.<\/div>\n<\/div>\n<div class=\"x11i5rnm xat24cr x1mh8g0r x1vvkbs xtlvy1s x126k92a\" style=\"text-align: justify;\">\n<div dir=\"auto\">La gobernadora Dilia Margarita C\u00f3 Coy busca fortalecer las acciones interinstitucionales para luchar contra los altos \u00edndices de embarazos en menores, de los cuales Alta Verapaz est\u00e1 entre los dos primeros a nivel nacional.<\/div>\n<\/div>\n<div class=\"x11i5rnm xat24cr x1mh8g0r x1vvkbs xtlvy1s x126k92a\">\n<div dir=\"auto\" style=\"text-align: justify;\">Se est\u00e1n revisando y analizando las acciones de los \u00faltimos a\u00f1os, para determinar porque este tema a\u00fan afecta gr\u00e1vemente al departamento y tomar las medidas preventivas m\u00e1s apropiadas.<\/div>\n<\/div>\n<\/div>\n<\/div>\n<\/div>\n<\/div>\n<div dir=\"auto\"><\/div>\n<div dir=\"auto\"><\/div>\n<div class=\"html-div xdj266r x11i5rnm xat24cr x1mh8g0r xexx8yu x4uap5 x18d9i69 xkhd6sd\" dir=\"auto\">\n<div id=\":rch:\" class=\"x1l90r2v x1pi30zi x1swvt13 x1iorvi4\" data-ad-comet-preview=\"message\" data-ad-preview=\"message\">\n<div class=\"x78zum5 xdt5ytf xz62fqu x16ldp7u\">\n<div class=\"xu06os2 x1ok221b\">\n<div class=\"x11i5rnm xat24cr x1mh8g0r x1vvkbs xtlvy1s x126k92a\">\n<div dir=\"auto\"><span class=\"html-span xdj266r x11i5rnm xat24cr x1mh8g0r xexx8yu x4uap5 x18d9i69 xkhd6sd x1hl2dhg x16tdsg8 x1vvkbs\"><a class=\"x1i10hfl xjbqb8w x1ejq31n xd10rxx x1sy0etr x17r0tee x972fbf xcfux6l x1qhh985 xm0m39n x9f619 x1ypdohk xt0psk2 xe8uvvx xdj266r x11i5rnm xat24cr x1mh8g0r xexx8yu x4uap5 x18d9i69 xkhd6sd x16tdsg8 x1hl2dhg xggy1nq x1a2a7pz x1sur9pj xkrqix3 x1fey0fg xo1l8bm\" tabindex=\"0\" role=\"link\" href=\"https:\/\/www.facebook.com\/hashtag\/altaverapazsaleadelante?__eep__=6&amp;__cft__[0]=AZWIwIOvti-9vHa_sC2TwSVYJsgv0mmAiZo6QfjkRfZqM8h191UMADm2NkS1N3x5TAgxglUvcXdJAs6TmIP67Y3Amy5n0dRmAaeBopmK_4f4Fx8pK_ZMyGthGwiNSiHci16CJP_TD-dxfm091iQwtwwy9383gCu7S2WK9dwl_kTlBu5WsVmFEeNCYMMpXXxOyLYJo76pQFJ8HbW56K5Gxc70&amp;__tn__=*NK-R\">#AltaVerapazSaleAdelante<\/a><\/span> <span class=\"html-span xdj266r x11i5rnm xat24cr x1mh8g0r xexx8yu x4uap5 x18d9i69 xkhd6sd x1hl2dhg x16tdsg8 x1vvkbs\"><a class=\"x1i10hfl xjbqb8w x1ejq31n xd10rxx x1sy0etr x17r0tee x972fbf xcfux6l x1qhh985 xm0m39n x9f619 x1ypdohk xt0psk2 xe8uvvx xdj266r x11i5rnm xat24cr x1mh8g0r xexx8yu x4uap5 x18d9i69 xkhd6sd x16tdsg8 x1hl2dhg xggy1nq x1a2a7pz x1sur9pj xkrqix3 x1fey0fg xo1l8bm\" tabindex=\"0\" role=\"link\" href=\"https:\/\/www.facebook.com\/unfpa.lac?__cft__[0]=AZWIwIOvti-9vHa_sC2TwSVYJsgv0mmAiZo6QfjkRfZqM8h191UMADm2NkS1N3x5TAgxglUvcXdJAs6TmIP67Y3Amy5n0dRmAaeBopmK_4f4Fx8pK_ZMyGthGwiNSiHci16CJP_TD-dxfm091iQwtwwy9383gCu7S2WK9dwl_kTlBu5WsVmFEeNCYMMpXXxOyLYJo76pQFJ8HbW56K5Gxc70&amp;__tn__=-]K-R\"><span class=\"xt0psk2\">UNFPA Am\u00e9rica Latina y el Caribe<\/span><\/a><\/span><\/div>\n<\/div>\n<\/div>\n<\/div>\n<\/div>\n<\/div>\n<p>&nbsp;<\/p>\n<p>&nbsp;<\/p>\n<div><\/div>\n","protected":false},"excerpt":{"rendered":"<p>Ayer lunes 2 de septiembre se llev\u00f3 a cabo una reuni\u00f3n con UNFPA y SWISSCONTACT para fortalecer estrategias y retomar las ferias de salud dirigidas a j\u00f3venes y mujeres. La gobernadora Dilia Margarita C\u00f3 Coy busca fortalecer las acciones interinstitucionales para luchar contra los altos \u00edndices de embarazos en menores, de los cuales Alta Verapaz [&hellip;]<\/p>\n","protected":false},"author":1,"featured_media":19700,"comment_status":"closed","ping_status":"open","sticky":false,"template":"","format":"standard","meta":[],"categories":[194],"tags":[178],"_links":{"self":[{"href":"https:\/\/gobernacionaltaverapaz.gob.gt\/index.php?rest_route=\/wp\/v2\/posts\/19699"}],"collection":[{"href":"https:\/\/gobernacionaltaverapaz.gob.gt\/index.php?rest_route=\/wp\/v2\/posts"}],"about":[{"href":"https:\/\/gobernacionaltaverapaz.gob.gt\/index.php?rest_route=\/wp\/v2\/types\/post"}],"author":[{"embeddable":true,"href":"https:\/\/gobernacionaltaverapaz.gob.gt\/index.php?rest_route=\/wp\/v2\/users\/1"}],"replies":[{"embeddable":true,"href":"https:\/\/gobernacionaltaverapaz.gob.gt\/index.php?rest_route=%2Fwp%2Fv2%2Fcomments&post=19699"}],"version-history":[{"count":1,"href":"https:\/\/gobernacionaltaverapaz.gob.gt\/index.php?rest_route=\/wp\/v2\/posts\/19699\/revisions"}],"predecessor-version":[{"id":19701,"href":"https:\/\/gobernacionaltaverapaz.gob.gt\/index.php?rest_route=\/wp\/v2\/posts\/19699\/revisions\/19701"}],"wp:featuredmedia":[{"embeddable":true,"href":"https:\/\/gobernacionaltaverapaz.gob.gt\/index.php?rest_route=\/wp\/v2\/media\/19700"}],"wp:attachment":[{"href":"https:\/\/gobernacionaltaverapaz.gob.gt\/index.php?rest_route=%2Fwp%2Fv2%2Fmedia&parent=19699"}],"wp:term":[{"taxonomy":"category","embeddable":true,"href":"https:\/\/gobernacionaltaverapaz.gob.gt\/index.php?rest_route=%2Fwp%2Fv2%2Fcategories&post=19699"},{"taxonomy":"post_tag","embeddable":true,"href":"https:\/\/gobernacionaltaverapaz.gob.gt\/index.php?rest_route=%2Fwp%2Fv2%2Ftags&post=19699"}],"curies":[{"name":"wp","href":"https:\/\/api.w.org\/{rel}","templated":true}]}}