{"id":19713,"date":"2024-09-03T15:50:17","date_gmt":"2024-09-03T21:50:17","guid":{"rendered":"https:\/\/gobernacionaltaverapaz.gob.gt\/?p=19713"},"modified":"2024-09-06T11:01:00","modified_gmt":"2024-09-06T17:01:00","slug":"el-embajador-de-francia-en-guatemala-sr-frederic-clavier-realizo-una-visita-a-la-gobernacion-departamental-de-alta-verapaz","status":"publish","type":"post","link":"https:\/\/gobernacionaltaverapaz.gob.gt\/?p=19713","title":{"rendered":"El Embajador de Francia en Guatemala, Sr. Fr\u00e9d\u00e9ric Clavier, realiz\u00f3 una visita a la gobernaci\u00f3n departamental de Alta Verapaz"},"content":{"rendered":"<div class=\"html-div xdj266r x11i5rnm xat24cr x1mh8g0r xexx8yu x4uap5 x18d9i69 xkhd6sd\" dir=\"auto\">\n<div id=\":raj:\" class=\"x1l90r2v x1pi30zi x1swvt13 x1iorvi4\" data-ad-comet-preview=\"message\" data-ad-preview=\"message\">\n<div class=\"x78zum5 xdt5ytf xz62fqu x16ldp7u\">\n<div class=\"xu06os2 x1ok221b\">\n<div class=\"xdj266r x11i5rnm xat24cr x1mh8g0r x1vvkbs x126k92a\">\n<div dir=\"auto\" style=\"text-align: justify;\">El Embajador de Francia en Guatemala, Sr. Fr\u00e9d\u00e9ric Clavier, realiz\u00f3 una visita a la gobernaci\u00f3n departamental de Alta Verapaz, en donde fu\u00e9 recibido por la gobernadora Dilia Margarita C\u00f3 Coy y su equipo de trabajo.<\/div>\n<\/div>\n<div class=\"x11i5rnm xat24cr x1mh8g0r x1vvkbs xtlvy1s x126k92a\" style=\"text-align: justify;\">\n<div dir=\"auto\">Junto al coordinador residente de ONU Guatemala, Miguel Barreto, el embajador Fr\u00e9d\u00e9ric Clavier visit\u00f3 comunidades en Chamelco, Cob\u00e1n y Carch\u00e1, Alta Verapaz, donde la Uni\u00f3n Europea en Guatemala apoya proyectos de desarrollo, implementados por FAO en espa\u00f1ol y UNICEF Guatemala.<\/div>\n<div dir=\"auto\"><\/div>\n<\/div>\n<div class=\"x11i5rnm xat24cr x1mh8g0r x1vvkbs xtlvy1s x126k92a\">\n<div dir=\"auto\" style=\"text-align: justify;\"><span class=\"html-span xdj266r x11i5rnm xat24cr x1mh8g0r xexx8yu x4uap5 x18d9i69 xkhd6sd x1hl2dhg x16tdsg8 x1vvkbs\"><a class=\"x1i10hfl xjbqb8w x1ejq31n xd10rxx x1sy0etr x17r0tee x972fbf xcfux6l x1qhh985 xm0m39n x9f619 x1ypdohk xt0psk2 xe8uvvx xdj266r x11i5rnm xat24cr x1mh8g0r xexx8yu x4uap5 x18d9i69 xkhd6sd x16tdsg8 x1hl2dhg xggy1nq x1a2a7pz x1sur9pj xkrqix3 x1fey0fg xo1l8bm\" tabindex=\"0\" role=\"link\" href=\"https:\/\/www.facebook.com\/hashtag\/guatemalasaleadelante?__eep__=6&amp;__cft__[0]=AZWYc6JLfGHeWcd0VP8_4SStnoDUDiX7pC1IX6MdJh4k52bW6qi5TsUElpZIjAfiI2kX7AzBMNtJ1LqjZ_6prVcM5f_pB86Zckyg9AQ7xjQon2u90_cEElyTiOPY4UOppz7enrnq0L1kZR9jiq0N1NVkPIUHtOeuD9YCVChDil1gwyuZc_J_dXttKCpTJaSW_LQkHR4DmeIuH9Dl2PI13Nne&amp;__tn__=*NK-R\">#GuatemalaSaleAdelante<\/a><\/span> <span class=\"html-span xdj266r x11i5rnm xat24cr x1mh8g0r xexx8yu x4uap5 x18d9i69 xkhd6sd x1hl2dhg x16tdsg8 x1vvkbs\"><a class=\"x1i10hfl xjbqb8w x1ejq31n xd10rxx x1sy0etr x17r0tee x972fbf xcfux6l x1qhh985 xm0m39n x9f619 x1ypdohk xt0psk2 xe8uvvx xdj266r x11i5rnm xat24cr x1mh8g0r xexx8yu x4uap5 x18d9i69 xkhd6sd x16tdsg8 x1hl2dhg xggy1nq x1a2a7pz x1sur9pj xkrqix3 x1fey0fg xo1l8bm\" tabindex=\"0\" role=\"link\" href=\"https:\/\/www.facebook.com\/FranceGuatemala?__cft__[0]=AZWYc6JLfGHeWcd0VP8_4SStnoDUDiX7pC1IX6MdJh4k52bW6qi5TsUElpZIjAfiI2kX7AzBMNtJ1LqjZ_6prVcM5f_pB86Zckyg9AQ7xjQon2u90_cEElyTiOPY4UOppz7enrnq0L1kZR9jiq0N1NVkPIUHtOeuD9YCVChDil1gwyuZc_J_dXttKCpTJaSW_LQkHR4DmeIuH9Dl2PI13Nne&amp;__tn__=-]K-R\"><span class=\"xt0psk2\">Embajada de Francia en Guatemala y en Belice<\/span><\/a><\/span><\/div>\n<\/div>\n<\/div>\n<\/div>\n<\/div>\n<\/div>\n<p>&nbsp;<\/p>\n<p>&nbsp;<\/p>\n<div><\/div>\n<p>&nbsp;<\/p>\n","protected":false},"excerpt":{"rendered":"<p>El Embajador de Francia en Guatemala, Sr. Fr\u00e9d\u00e9ric Clavier, realiz\u00f3 una visita a la gobernaci\u00f3n departamental de Alta Verapaz, en donde fu\u00e9 recibido por la gobernadora Dilia Margarita C\u00f3 Coy y su equipo de trabajo. Junto al coordinador residente de ONU Guatemala, Miguel Barreto, el embajador Fr\u00e9d\u00e9ric Clavier visit\u00f3 comunidades en Chamelco, Cob\u00e1n y Carch\u00e1, [&hellip;]<\/p>\n","protected":false},"author":1,"featured_media":19714,"comment_status":"closed","ping_status":"open","sticky":false,"template":"","format":"standard","meta":[],"categories":[183],"tags":[178],"_links":{"self":[{"href":"https:\/\/gobernacionaltaverapaz.gob.gt\/index.php?rest_route=\/wp\/v2\/posts\/19713"}],"collection":[{"href":"https:\/\/gobernacionaltaverapaz.gob.gt\/index.php?rest_route=\/wp\/v2\/posts"}],"about":[{"href":"https:\/\/gobernacionaltaverapaz.gob.gt\/index.php?rest_route=\/wp\/v2\/types\/post"}],"author":[{"embeddable":true,"href":"https:\/\/gobernacionaltaverapaz.gob.gt\/index.php?rest_route=\/wp\/v2\/users\/1"}],"replies":[{"embeddable":true,"href":"https:\/\/gobernacionaltaverapaz.gob.gt\/index.php?rest_route=%2Fwp%2Fv2%2Fcomments&post=19713"}],"version-history":[{"count":1,"href":"https:\/\/gobernacionaltaverapaz.gob.gt\/index.php?rest_route=\/wp\/v2\/posts\/19713\/revisions"}],"predecessor-version":[{"id":19715,"href":"https:\/\/gobernacionaltaverapaz.gob.gt\/index.php?rest_route=\/wp\/v2\/posts\/19713\/revisions\/19715"}],"wp:featuredmedia":[{"embeddable":true,"href":"https:\/\/gobernacionaltaverapaz.gob.gt\/index.php?rest_route=\/wp\/v2\/media\/19714"}],"wp:attachment":[{"href":"https:\/\/gobernacionaltaverapaz.gob.gt\/index.php?rest_route=%2Fwp%2Fv2%2Fmedia&parent=19713"}],"wp:term":[{"taxonomy":"category","embeddable":true,"href":"https:\/\/gobernacionaltaverapaz.gob.gt\/index.php?rest_route=%2Fwp%2Fv2%2Fcategories&post=19713"},{"taxonomy":"post_tag","embeddable":true,"href":"https:\/\/gobernacionaltaverapaz.gob.gt\/index.php?rest_route=%2Fwp%2Fv2%2Ftags&post=19713"}],"curies":[{"name":"wp","href":"https:\/\/api.w.org\/{rel}","templated":true}]}}