{"id":19747,"date":"2024-09-06T09:22:42","date_gmt":"2024-09-06T15:22:42","guid":{"rendered":"https:\/\/gobernacionaltaverapaz.gob.gt\/?p=19747"},"modified":"2024-09-11T09:35:10","modified_gmt":"2024-09-11T15:35:10","slug":"concluida-la-etapa-de-firma-de-convenios-de-inversion-con-fondos-ordinarios-del-codedeav","status":"publish","type":"post","link":"https:\/\/gobernacionaltaverapaz.gob.gt\/?p=19747","title":{"rendered":"Concluida la etapa de firma de Convenios de Inversi\u00f3n con fondos ordinarios del CODEDEAV"},"content":{"rendered":"<div class=\"html-div xdj266r x11i5rnm xat24cr x1mh8g0r xexx8yu x4uap5 x18d9i69 xkhd6sd\" dir=\"auto\">\n<div id=\":rfa:\" class=\"x1l90r2v x1pi30zi x1swvt13 x1iorvi4\" data-ad-comet-preview=\"message\" data-ad-preview=\"message\">\n<div class=\"x78zum5 xdt5ytf xz62fqu x16ldp7u\">\n<div class=\"xu06os2 x1ok221b\">\n<div class=\"xdj266r x11i5rnm xat24cr x1mh8g0r x1vvkbs x126k92a\">\n<div dir=\"auto\" style=\"text-align: justify;\">Concluida la etapa de firma de Convenios de Inversi\u00f3n con fondos ordinarios del CODEDEAV, conformados por la asignaci\u00f3n del IVA-PAZ, el Consejo Departamental de Desarrollo encabezado por la gobernadora Dilia Margarita C\u00f3 Coy ha dado inicio con la firma de Convenios de Inversi\u00f3n con fondos extraordinarios, en este caso con la asignaci\u00f3n proveniente de la Gran Cruzada Nacional por la Nutrici\u00f3n.<\/div>\n<\/div>\n<div class=\"x11i5rnm xat24cr x1mh8g0r x1vvkbs xtlvy1s x126k92a\" style=\"text-align: justify;\">\n<div dir=\"auto\">Ha sido la municipalidad de San Pedro Carch\u00e1 que da inicio con estos convenios que se firmaron el pasado jueves 29 de agosto de 2024 los cuales estar\u00e1n iniciando muy pronto.<\/div>\n<\/div>\n<div class=\"x11i5rnm xat24cr x1mh8g0r x1vvkbs xtlvy1s x126k92a\" style=\"text-align: justify;\">\n<div dir=\"auto\">Proyecto SNIP 335054 &#8211; MEJORAMIENTO INSTITUTO BASICO ALDEA RUBELTEM (REGION CHIQUIXJI), SAN PEDRO CARCHA, ALTA VERAPAZ<\/div>\n<div dir=\"auto\">Fondos CODEDEAV Q1,650,000.00<\/div>\n<\/div>\n<div class=\"x11i5rnm xat24cr x1mh8g0r x1vvkbs xtlvy1s x126k92a\" style=\"text-align: justify;\">\n<div dir=\"auto\">Proyecto SNIP 335057 &#8211; MEJORAMIENTO ESCUELA PRIMARIA ALDEA SAN VICENTE CHICATAL (REGION SAN VICENTE CHICATAL), SAN PEDRO CARCHA, ALTA VERAPAZ<\/div>\n<div dir=\"auto\">Fondos CODEDEAV Q1,900,000.00<\/div>\n<\/div>\n<div class=\"x11i5rnm xat24cr x1mh8g0r x1vvkbs xtlvy1s x126k92a\" style=\"text-align: justify;\">\n<div dir=\"auto\">Proyecto SNIP 335059 &#8211; MEJORAMIENTO CAMINO RURAL (PAVIMENTO RIGIDO) ALDEA SESAJAL (REGION SESAJAL), SAN PEDRO CARCHA, ALTA VERAPAZ<\/div>\n<div dir=\"auto\">Fondos CODEDEAV Q1,649,595.00<\/div>\n<div dir=\"auto\">Fondos Municipalidad Q1,532,405.00<\/div>\n<\/div>\n<div class=\"x11i5rnm xat24cr x1mh8g0r x1vvkbs xtlvy1s x126k92a\" style=\"text-align: justify;\">\n<div dir=\"auto\">Estos convenios ser\u00e1n publicados para dar a conocer a la poblaci\u00f3n en que proyectos se est\u00e1n destinandos los recursos del Estado.<\/div>\n<\/div>\n<div class=\"x11i5rnm xat24cr x1mh8g0r x1vvkbs xtlvy1s x126k92a\">\n<div dir=\"auto\" style=\"text-align: justify;\"><span class=\"html-span xdj266r x11i5rnm xat24cr x1mh8g0r xexx8yu x4uap5 x18d9i69 xkhd6sd x1hl2dhg x16tdsg8 x1vvkbs\"><a class=\"x1i10hfl xjbqb8w x1ejq31n xd10rxx x1sy0etr x17r0tee x972fbf xcfux6l x1qhh985 xm0m39n x9f619 x1ypdohk xt0psk2 xe8uvvx xdj266r x11i5rnm xat24cr x1mh8g0r xexx8yu x4uap5 x18d9i69 xkhd6sd x16tdsg8 x1hl2dhg xggy1nq x1a2a7pz x1sur9pj xkrqix3 x1fey0fg xo1l8bm\" tabindex=\"0\" role=\"link\" href=\"https:\/\/www.facebook.com\/hashtag\/altaverapazsaleadelante?__eep__=6&amp;__cft__[0]=AZUKt7MtlVz2EEwK2f8ts4H-lzL2Ef_zVXRIWWLuvzdqUg8vYNwgafqWjQOhqu89cy2kmdOlctE-QqZvkp58KdTEjQv8u_KBgdEzXdglzvGJoBC9tkhLwdFdWj2Aamivx9NYYgAZ1yfjMyizQLlGgImu9QBkEGo0XpkmZ7pZkUYpOE_DnpxKFFGC5Rx_wBoy5GVUgv2d8SEuNbkVGFB1QZzI&amp;__tn__=*NK-R\">#AltaVerapazSaleAdelante<\/a><\/span> <span class=\"html-span xdj266r x11i5rnm xat24cr x1mh8g0r xexx8yu x4uap5 x18d9i69 xkhd6sd x1hl2dhg x16tdsg8 x1vvkbs\"><a class=\"x1i10hfl xjbqb8w x1ejq31n xd10rxx x1sy0etr x17r0tee x972fbf xcfux6l x1qhh985 xm0m39n x9f619 x1ypdohk xt0psk2 xe8uvvx xdj266r x11i5rnm xat24cr x1mh8g0r xexx8yu x4uap5 x18d9i69 xkhd6sd x16tdsg8 x1hl2dhg xggy1nq x1a2a7pz x1sur9pj xkrqix3 x1fey0fg xo1l8bm\" tabindex=\"0\" role=\"link\" href=\"https:\/\/www.facebook.com\/hashtag\/guatemalasaleadelante?__eep__=6&amp;__cft__[0]=AZUKt7MtlVz2EEwK2f8ts4H-lzL2Ef_zVXRIWWLuvzdqUg8vYNwgafqWjQOhqu89cy2kmdOlctE-QqZvkp58KdTEjQv8u_KBgdEzXdglzvGJoBC9tkhLwdFdWj2Aamivx9NYYgAZ1yfjMyizQLlGgImu9QBkEGo0XpkmZ7pZkUYpOE_DnpxKFFGC5Rx_wBoy5GVUgv2d8SEuNbkVGFB1QZzI&amp;__tn__=*NK-R\">#GuatemalaSaleAdelante<\/a><\/span> Muni Carcha<\/div>\n<\/div>\n<\/div>\n<\/div>\n<\/div>\n<\/div>\n<p>&nbsp;<\/p>\n<p>&nbsp;<\/p>\n<p>&nbsp;<\/p>\n<div><\/div>\n<p>&nbsp;<\/p>\n","protected":false},"excerpt":{"rendered":"<p>Concluida la etapa de firma de Convenios de Inversi\u00f3n con fondos ordinarios del CODEDEAV, conformados por la asignaci\u00f3n del IVA-PAZ, el Consejo Departamental de Desarrollo encabezado por la gobernadora Dilia Margarita C\u00f3 Coy ha dado inicio con la firma de Convenios de Inversi\u00f3n con fondos extraordinarios, en este caso con la asignaci\u00f3n proveniente de la [&hellip;]<\/p>\n","protected":false},"author":1,"featured_media":19739,"comment_status":"closed","ping_status":"open","sticky":false,"template":"","format":"standard","meta":[],"categories":[183],"tags":[178],"_links":{"self":[{"href":"https:\/\/gobernacionaltaverapaz.gob.gt\/index.php?rest_route=\/wp\/v2\/posts\/19747"}],"collection":[{"href":"https:\/\/gobernacionaltaverapaz.gob.gt\/index.php?rest_route=\/wp\/v2\/posts"}],"about":[{"href":"https:\/\/gobernacionaltaverapaz.gob.gt\/index.php?rest_route=\/wp\/v2\/types\/post"}],"author":[{"embeddable":true,"href":"https:\/\/gobernacionaltaverapaz.gob.gt\/index.php?rest_route=\/wp\/v2\/users\/1"}],"replies":[{"embeddable":true,"href":"https:\/\/gobernacionaltaverapaz.gob.gt\/index.php?rest_route=%2Fwp%2Fv2%2Fcomments&post=19747"}],"version-history":[{"count":1,"href":"https:\/\/gobernacionaltaverapaz.gob.gt\/index.php?rest_route=\/wp\/v2\/posts\/19747\/revisions"}],"predecessor-version":[{"id":19748,"href":"https:\/\/gobernacionaltaverapaz.gob.gt\/index.php?rest_route=\/wp\/v2\/posts\/19747\/revisions\/19748"}],"wp:featuredmedia":[{"embeddable":true,"href":"https:\/\/gobernacionaltaverapaz.gob.gt\/index.php?rest_route=\/wp\/v2\/media\/19739"}],"wp:attachment":[{"href":"https:\/\/gobernacionaltaverapaz.gob.gt\/index.php?rest_route=%2Fwp%2Fv2%2Fmedia&parent=19747"}],"wp:term":[{"taxonomy":"category","embeddable":true,"href":"https:\/\/gobernacionaltaverapaz.gob.gt\/index.php?rest_route=%2Fwp%2Fv2%2Fcategories&post=19747"},{"taxonomy":"post_tag","embeddable":true,"href":"https:\/\/gobernacionaltaverapaz.gob.gt\/index.php?rest_route=%2Fwp%2Fv2%2Ftags&post=19747"}],"curies":[{"name":"wp","href":"https:\/\/api.w.org\/{rel}","templated":true}]}}