{"id":19752,"date":"2024-09-06T15:00:03","date_gmt":"2024-09-06T21:00:03","guid":{"rendered":"https:\/\/gobernacionaltaverapaz.gob.gt\/?p=19752"},"modified":"2024-09-11T09:40:07","modified_gmt":"2024-09-11T15:40:07","slug":"conferencia-de-prensa-a-los-medios-de-comunicacion-de-alta-verapaz","status":"publish","type":"post","link":"https:\/\/gobernacionaltaverapaz.gob.gt\/?p=19752","title":{"rendered":"Conferencia de prensa a los medios de comunicaci\u00f3n de Alta Verapaz"},"content":{"rendered":"<div class=\"html-div xdj266r x11i5rnm xat24cr x1mh8g0r xexx8yu x4uap5 x18d9i69 xkhd6sd\" dir=\"auto\">\n<div id=\":re5:\" class=\"x1l90r2v x1pi30zi x1swvt13 x1iorvi4\" data-ad-comet-preview=\"message\" data-ad-preview=\"message\">\n<div class=\"x78zum5 xdt5ytf xz62fqu x16ldp7u\">\n<div class=\"xu06os2 x1ok221b\">\n<div class=\"xdj266r x11i5rnm xat24cr x1mh8g0r x1vvkbs x126k92a\">\n<div dir=\"auto\" style=\"text-align: justify;\">El mi\u00e9rcoles 4 de septiembre la Gobernadora Dilia Margarita C\u00f3 Coy acompa\u00f1\u00f3 a la Viceministra de Protecci\u00f3n Social, Bertha Zapeta del del Ministerio de Desarrollo Social -MIDES- a una conferencia de prensa a los medios de comunicaci\u00f3n de Alta Verapaz para compartir informaci\u00f3n de los diferentes programas de apoyo que dicho Ministerio est\u00e1 ejecutando en el departamento.<\/div>\n<\/div>\n<div class=\"x11i5rnm xat24cr x1mh8g0r x1vvkbs xtlvy1s x126k92a\" style=\"text-align: justify;\">\n<div dir=\"auto\">El enfoque fue en el <span class=\"html-span xdj266r x11i5rnm xat24cr x1mh8g0r xexx8yu x4uap5 x18d9i69 xkhd6sd x1hl2dhg x16tdsg8 x1vvkbs\"><a class=\"x1i10hfl xjbqb8w x1ejq31n xd10rxx x1sy0etr x17r0tee x972fbf xcfux6l x1qhh985 xm0m39n x9f619 x1ypdohk xt0psk2 xe8uvvx xdj266r x11i5rnm xat24cr x1mh8g0r xexx8yu x4uap5 x18d9i69 xkhd6sd x16tdsg8 x1hl2dhg xggy1nq x1a2a7pz x1sur9pj xkrqix3 x1fey0fg xo1l8bm\" tabindex=\"0\" role=\"link\" href=\"https:\/\/www.facebook.com\/hashtag\/bono%C3%BAnicomides?__eep__=6&amp;__cft__[0]=AZWpOAveefTM5cXIMN6_Wo51ofgYKzXkJ6oOORQ2CW1GA5Px2wQVprSVgdBN5WJ3LjoSP10zNap7x50Q708V4RUUUUgn4BzAbWyA6k7bQorSZ4vEx33BqpHtQt-FU9DYH6YtDgqqWJ3_TmiDAGqsVFOFyihBLvJjfjzSWqkeutTG4xQcX4k97z94BC-pPCC_Zxs-wJwALM_Qr4FhoELMvJlY&amp;__tn__=*NK-R\">#Bono\u00danicoMides<\/a><\/span> como se entregar\u00e1 y que fines tiene. Se recalc\u00f3 insistentemente en la aclaraci\u00f3n de que ninguna de las gestiones para acceder al Bono \u00danico tiene alg\u00fan costo. Se evita que cualquier funionario solicite dinero por registrar personas o entregar ayudas.<\/div>\n<\/div>\n<div class=\"x11i5rnm xat24cr x1mh8g0r x1vvkbs xtlvy1s x126k92a\" style=\"text-align: justify;\">\n<div dir=\"auto\">Se le hace una invitaci\u00f3n a la poblaci\u00f3n para denunciar cualquier situaci\u00f3n que sea sospecha de corrupci\u00f3n en el departamento, comunic\u00e1ndose a Gobernaci\u00f3n Departamental de Alta Verapaz.<\/div>\n<\/div>\n<div class=\"x11i5rnm xat24cr x1mh8g0r x1vvkbs xtlvy1s x126k92a\">\n<div dir=\"auto\" style=\"text-align: justify;\"><span class=\"html-span xdj266r x11i5rnm xat24cr x1mh8g0r xexx8yu x4uap5 x18d9i69 xkhd6sd x1hl2dhg x16tdsg8 x1vvkbs\"><a class=\"x1i10hfl xjbqb8w x1ejq31n xd10rxx x1sy0etr x17r0tee x972fbf xcfux6l x1qhh985 xm0m39n x9f619 x1ypdohk xt0psk2 xe8uvvx xdj266r x11i5rnm xat24cr x1mh8g0r xexx8yu x4uap5 x18d9i69 xkhd6sd x16tdsg8 x1hl2dhg xggy1nq x1a2a7pz x1sur9pj xkrqix3 x1fey0fg xo1l8bm\" tabindex=\"0\" role=\"link\" href=\"https:\/\/www.facebook.com\/hashtag\/guatemalasaleadelante?__eep__=6&amp;__cft__[0]=AZWpOAveefTM5cXIMN6_Wo51ofgYKzXkJ6oOORQ2CW1GA5Px2wQVprSVgdBN5WJ3LjoSP10zNap7x50Q708V4RUUUUgn4BzAbWyA6k7bQorSZ4vEx33BqpHtQt-FU9DYH6YtDgqqWJ3_TmiDAGqsVFOFyihBLvJjfjzSWqkeutTG4xQcX4k97z94BC-pPCC_Zxs-wJwALM_Qr4FhoELMvJlY&amp;__tn__=*NK-R\">#GuatemalaSaleAdelante<\/a><\/span> <span class=\"html-span xdj266r x11i5rnm xat24cr x1mh8g0r xexx8yu x4uap5 x18d9i69 xkhd6sd x1hl2dhg x16tdsg8 x1vvkbs\"><a class=\"x1i10hfl xjbqb8w x1ejq31n xd10rxx x1sy0etr x17r0tee x972fbf xcfux6l x1qhh985 xm0m39n x9f619 x1ypdohk xt0psk2 xe8uvvx xdj266r x11i5rnm xat24cr x1mh8g0r xexx8yu x4uap5 x18d9i69 xkhd6sd x16tdsg8 x1hl2dhg xggy1nq x1a2a7pz x1sur9pj xkrqix3 x1fey0fg xo1l8bm\" tabindex=\"0\" role=\"link\" href=\"https:\/\/www.facebook.com\/MidesGuatemala?__cft__[0]=AZWpOAveefTM5cXIMN6_Wo51ofgYKzXkJ6oOORQ2CW1GA5Px2wQVprSVgdBN5WJ3LjoSP10zNap7x50Q708V4RUUUUgn4BzAbWyA6k7bQorSZ4vEx33BqpHtQt-FU9DYH6YtDgqqWJ3_TmiDAGqsVFOFyihBLvJjfjzSWqkeutTG4xQcX4k97z94BC-pPCC_Zxs-wJwALM_Qr4FhoELMvJlY&amp;__tn__=-]K-R\"><span class=\"xt0psk2\">Mides Guatemala<\/span><\/a><\/span><\/div>\n<\/div>\n<\/div>\n<\/div>\n<\/div>\n<\/div>\n<p>&nbsp;<\/p>\n<p>&nbsp;<\/p>\n<div><\/div>\n","protected":false},"excerpt":{"rendered":"<p>El mi\u00e9rcoles 4 de septiembre la Gobernadora Dilia Margarita C\u00f3 Coy acompa\u00f1\u00f3 a la Viceministra de Protecci\u00f3n Social, Bertha Zapeta del del Ministerio de Desarrollo Social -MIDES- a una conferencia de prensa a los medios de comunicaci\u00f3n de Alta Verapaz para compartir informaci\u00f3n de los diferentes programas de apoyo que dicho Ministerio est\u00e1 ejecutando en [&hellip;]<\/p>\n","protected":false},"author":1,"featured_media":19753,"comment_status":"closed","ping_status":"open","sticky":false,"template":"","format":"standard","meta":[],"categories":[183],"tags":[178],"_links":{"self":[{"href":"https:\/\/gobernacionaltaverapaz.gob.gt\/index.php?rest_route=\/wp\/v2\/posts\/19752"}],"collection":[{"href":"https:\/\/gobernacionaltaverapaz.gob.gt\/index.php?rest_route=\/wp\/v2\/posts"}],"about":[{"href":"https:\/\/gobernacionaltaverapaz.gob.gt\/index.php?rest_route=\/wp\/v2\/types\/post"}],"author":[{"embeddable":true,"href":"https:\/\/gobernacionaltaverapaz.gob.gt\/index.php?rest_route=\/wp\/v2\/users\/1"}],"replies":[{"embeddable":true,"href":"https:\/\/gobernacionaltaverapaz.gob.gt\/index.php?rest_route=%2Fwp%2Fv2%2Fcomments&post=19752"}],"version-history":[{"count":1,"href":"https:\/\/gobernacionaltaverapaz.gob.gt\/index.php?rest_route=\/wp\/v2\/posts\/19752\/revisions"}],"predecessor-version":[{"id":19754,"href":"https:\/\/gobernacionaltaverapaz.gob.gt\/index.php?rest_route=\/wp\/v2\/posts\/19752\/revisions\/19754"}],"wp:featuredmedia":[{"embeddable":true,"href":"https:\/\/gobernacionaltaverapaz.gob.gt\/index.php?rest_route=\/wp\/v2\/media\/19753"}],"wp:attachment":[{"href":"https:\/\/gobernacionaltaverapaz.gob.gt\/index.php?rest_route=%2Fwp%2Fv2%2Fmedia&parent=19752"}],"wp:term":[{"taxonomy":"category","embeddable":true,"href":"https:\/\/gobernacionaltaverapaz.gob.gt\/index.php?rest_route=%2Fwp%2Fv2%2Fcategories&post=19752"},{"taxonomy":"post_tag","embeddable":true,"href":"https:\/\/gobernacionaltaverapaz.gob.gt\/index.php?rest_route=%2Fwp%2Fv2%2Ftags&post=19752"}],"curies":[{"name":"wp","href":"https:\/\/api.w.org\/{rel}","templated":true}]}}