{"id":19791,"date":"2024-09-09T17:35:59","date_gmt":"2024-09-09T23:35:59","guid":{"rendered":"https:\/\/gobernacionaltaverapaz.gob.gt\/?p=19791"},"modified":"2024-09-11T10:12:28","modified_gmt":"2024-09-11T16:12:28","slug":"actividades-en-conmemoracion-a-los-203-anos-de-independencia","status":"publish","type":"post","link":"https:\/\/gobernacionaltaverapaz.gob.gt\/?p=19791","title":{"rendered":"Actividades en Conmemoraci\u00f3n a los 203 A\u00f1os de Independencia"},"content":{"rendered":"<div class=\"html-div xdj266r x11i5rnm xat24cr x1mh8g0r xexx8yu x4uap5 x18d9i69 xkhd6sd\" dir=\"auto\">\n<div id=\":r5c:\" class=\"x1l90r2v x1pi30zi x1swvt13 x1iorvi4\" data-ad-comet-preview=\"message\" data-ad-preview=\"message\">\n<div class=\"x78zum5 xdt5ytf xz62fqu x16ldp7u\">\n<div class=\"xu06os2 x1ok221b\">\n<div class=\"xdj266r x11i5rnm xat24cr x1mh8g0r x1vvkbs x126k92a\">\n<div dir=\"auto\" style=\"text-align: justify;\">Se llev\u00f3 a cabo una Conferencia de Prensa para presentar el Programa de Actividades en Conmemoracion a los 203 A\u00f1os de Independencia que se celebrar\u00e1n en la ciudad de Cob\u00e1n.<\/div>\n<\/div>\n<div class=\"x11i5rnm xat24cr x1mh8g0r x1vvkbs xtlvy1s x126k92a\" style=\"text-align: justify;\">\n<div dir=\"auto\">Tradicionalmente se unen la Gobernaci\u00f3n Departamental de Alta Verapaz, la Municipalidad de Cob\u00e1n y las Fuerzas Militares con presencia en el municipio de Cob\u00e1n para coordinar un programa conjunto.<\/div>\n<\/div>\n<div class=\"x11i5rnm xat24cr x1mh8g0r x1vvkbs xtlvy1s x126k92a\" style=\"text-align: justify;\">\n<div dir=\"auto\">Este 2024 se han programado varias actividades que dan inicio desde el mi\u00e9rcoles 11 hasta el lunes 30 de septiembre, a las que se han incorporado la Direcci\u00f3n Departamental de Educaci\u00f3n de Alta Verapaz, la 36a. Compa\u00f1\u00eda de Bomberos Voluntarios y otras instituciones que se unen a estas celebraciones a la patria.<\/div>\n<\/div>\n<div class=\"x11i5rnm xat24cr x1mh8g0r x1vvkbs xtlvy1s x126k92a\">\n<div dir=\"auto\" style=\"text-align: justify;\"><span class=\"html-span xdj266r x11i5rnm xat24cr x1mh8g0r xexx8yu x4uap5 x18d9i69 xkhd6sd x1hl2dhg x16tdsg8 x1vvkbs\"><a class=\"x1i10hfl xjbqb8w x1ejq31n xd10rxx x1sy0etr x17r0tee x972fbf xcfux6l x1qhh985 xm0m39n x9f619 x1ypdohk xt0psk2 xe8uvvx xdj266r x11i5rnm xat24cr x1mh8g0r xexx8yu x4uap5 x18d9i69 xkhd6sd x16tdsg8 x1hl2dhg xggy1nq x1a2a7pz x1sur9pj xkrqix3 x1fey0fg xo1l8bm\" tabindex=\"0\" role=\"link\" href=\"https:\/\/www.facebook.com\/hashtag\/altaverapaz?__eep__=6&amp;__cft__[0]=AZXqLPQlZ59N9RQODiBe29bv1OMA3EKm_ofL6j-nQyzrJZdJaUuGuaVC16w_Yuvk2kUyxVcGIUI3EspMHZ57TS-xqbwPINijZbdyM6UJbWE81DYWY2TqsRSXsbuLpN8pyoYWVkd-t0I7wv3kTpJMacCEbCzrzNNA46oJXN1oWHxIodbCcSaDGxO0v5VxQBboY4u4PuzTmNJttCynrL5vQgi8&amp;__tn__=*NK-R\">#AltaVerapaz<\/a><\/span><\/div>\n<\/div>\n<\/div>\n<\/div>\n<\/div>\n<\/div>\n<p>&nbsp;<\/p>\n<p>&nbsp;<\/p>\n<div><\/div>\n","protected":false},"excerpt":{"rendered":"<p>Se llev\u00f3 a cabo una Conferencia de Prensa para presentar el Programa de Actividades en Conmemoracion a los 203 A\u00f1os de Independencia que se celebrar\u00e1n en la ciudad de Cob\u00e1n. Tradicionalmente se unen la Gobernaci\u00f3n Departamental de Alta Verapaz, la Municipalidad de Cob\u00e1n y las Fuerzas Militares con presencia en el municipio de Cob\u00e1n para [&hellip;]<\/p>\n","protected":false},"author":1,"featured_media":19782,"comment_status":"closed","ping_status":"open","sticky":false,"template":"","format":"standard","meta":[],"categories":[183],"tags":[178],"_links":{"self":[{"href":"https:\/\/gobernacionaltaverapaz.gob.gt\/index.php?rest_route=\/wp\/v2\/posts\/19791"}],"collection":[{"href":"https:\/\/gobernacionaltaverapaz.gob.gt\/index.php?rest_route=\/wp\/v2\/posts"}],"about":[{"href":"https:\/\/gobernacionaltaverapaz.gob.gt\/index.php?rest_route=\/wp\/v2\/types\/post"}],"author":[{"embeddable":true,"href":"https:\/\/gobernacionaltaverapaz.gob.gt\/index.php?rest_route=\/wp\/v2\/users\/1"}],"replies":[{"embeddable":true,"href":"https:\/\/gobernacionaltaverapaz.gob.gt\/index.php?rest_route=%2Fwp%2Fv2%2Fcomments&post=19791"}],"version-history":[{"count":1,"href":"https:\/\/gobernacionaltaverapaz.gob.gt\/index.php?rest_route=\/wp\/v2\/posts\/19791\/revisions"}],"predecessor-version":[{"id":19792,"href":"https:\/\/gobernacionaltaverapaz.gob.gt\/index.php?rest_route=\/wp\/v2\/posts\/19791\/revisions\/19792"}],"wp:featuredmedia":[{"embeddable":true,"href":"https:\/\/gobernacionaltaverapaz.gob.gt\/index.php?rest_route=\/wp\/v2\/media\/19782"}],"wp:attachment":[{"href":"https:\/\/gobernacionaltaverapaz.gob.gt\/index.php?rest_route=%2Fwp%2Fv2%2Fmedia&parent=19791"}],"wp:term":[{"taxonomy":"category","embeddable":true,"href":"https:\/\/gobernacionaltaverapaz.gob.gt\/index.php?rest_route=%2Fwp%2Fv2%2Fcategories&post=19791"},{"taxonomy":"post_tag","embeddable":true,"href":"https:\/\/gobernacionaltaverapaz.gob.gt\/index.php?rest_route=%2Fwp%2Fv2%2Ftags&post=19791"}],"curies":[{"name":"wp","href":"https:\/\/api.w.org\/{rel}","templated":true}]}}