{"id":19850,"date":"2024-09-11T14:10:48","date_gmt":"2024-09-11T20:10:48","guid":{"rendered":"https:\/\/gobernacionaltaverapaz.gob.gt\/?p=19850"},"modified":"2024-09-23T16:18:17","modified_gmt":"2024-09-23T22:18:17","slug":"reunion-de-coordinacion-entre-la-comision-extraordinaria-para-la-atencion-y-gestion-de-la-conflictividad","status":"publish","type":"post","link":"https:\/\/gobernacionaltaverapaz.gob.gt\/?p=19850","title":{"rendered":"Reuni\u00f3n de Coordinaci\u00f3n entre la Comisi\u00f3n Extraordinaria para la Atenci\u00f3n y Gesti\u00f3n de la Conflictividad"},"content":{"rendered":"<div class=\"x11i5rnm xat24cr x1mh8g0r x1vvkbs xtlvy1s x126k92a\">\n<div dir=\"auto\" style=\"text-align: justify;\">En la reciente reuni\u00f3n, se abordaron los siguientes temas clave:<\/div>\n<\/div>\n<div class=\"x11i5rnm xat24cr x1mh8g0r x1vvkbs xtlvy1s x126k92a\" style=\"text-align: justify;\">\n<div dir=\"auto\">-Pol\u00edtica Departamental de Conflictividad<\/div>\n<div dir=\"auto\">-Plan Estrat\u00e9gico<\/div>\n<div dir=\"auto\">-Plan Operativo<\/div>\n<div dir=\"auto\">Reuni\u00f3n de Coordinaci\u00f3n entre la Comisi\u00f3n Extraordinaria para la Atenci\u00f3n y Gesti\u00f3n de la Conflictividad<\/div>\n<\/div>\n<div class=\"x11i5rnm xat24cr x1mh8g0r x1vvkbs xtlvy1s x126k92a\">\n<div dir=\"auto\" style=\"text-align: justify;\">Agradecemos a todos los participantes por su colaboraci\u00f3n y compromiso.<\/div>\n<\/div>\n<p>&nbsp;<\/p>\n<div><\/div>\n","protected":false},"excerpt":{"rendered":"<p>En la reciente reuni\u00f3n, se abordaron los siguientes temas clave: -Pol\u00edtica Departamental de Conflictividad -Plan Estrat\u00e9gico -Plan Operativo Reuni\u00f3n de Coordinaci\u00f3n entre la Comisi\u00f3n Extraordinaria para la Atenci\u00f3n y Gesti\u00f3n de la Conflictividad Agradecemos a todos los participantes por su colaboraci\u00f3n y compromiso. &nbsp;<\/p>\n","protected":false},"author":1,"featured_media":19851,"comment_status":"closed","ping_status":"open","sticky":false,"template":"","format":"standard","meta":[],"categories":[194],"tags":[178],"_links":{"self":[{"href":"https:\/\/gobernacionaltaverapaz.gob.gt\/index.php?rest_route=\/wp\/v2\/posts\/19850"}],"collection":[{"href":"https:\/\/gobernacionaltaverapaz.gob.gt\/index.php?rest_route=\/wp\/v2\/posts"}],"about":[{"href":"https:\/\/gobernacionaltaverapaz.gob.gt\/index.php?rest_route=\/wp\/v2\/types\/post"}],"author":[{"embeddable":true,"href":"https:\/\/gobernacionaltaverapaz.gob.gt\/index.php?rest_route=\/wp\/v2\/users\/1"}],"replies":[{"embeddable":true,"href":"https:\/\/gobernacionaltaverapaz.gob.gt\/index.php?rest_route=%2Fwp%2Fv2%2Fcomments&post=19850"}],"version-history":[{"count":1,"href":"https:\/\/gobernacionaltaverapaz.gob.gt\/index.php?rest_route=\/wp\/v2\/posts\/19850\/revisions"}],"predecessor-version":[{"id":19852,"href":"https:\/\/gobernacionaltaverapaz.gob.gt\/index.php?rest_route=\/wp\/v2\/posts\/19850\/revisions\/19852"}],"wp:featuredmedia":[{"embeddable":true,"href":"https:\/\/gobernacionaltaverapaz.gob.gt\/index.php?rest_route=\/wp\/v2\/media\/19851"}],"wp:attachment":[{"href":"https:\/\/gobernacionaltaverapaz.gob.gt\/index.php?rest_route=%2Fwp%2Fv2%2Fmedia&parent=19850"}],"wp:term":[{"taxonomy":"category","embeddable":true,"href":"https:\/\/gobernacionaltaverapaz.gob.gt\/index.php?rest_route=%2Fwp%2Fv2%2Fcategories&post=19850"},{"taxonomy":"post_tag","embeddable":true,"href":"https:\/\/gobernacionaltaverapaz.gob.gt\/index.php?rest_route=%2Fwp%2Fv2%2Ftags&post=19850"}],"curies":[{"name":"wp","href":"https:\/\/api.w.org\/{rel}","templated":true}]}}