{"id":19874,"date":"2024-09-11T15:21:40","date_gmt":"2024-09-11T21:21:40","guid":{"rendered":"https:\/\/gobernacionaltaverapaz.gob.gt\/?p=19874"},"modified":"2024-09-23T16:37:56","modified_gmt":"2024-09-23T22:37:56","slug":"actividad-especial-para-los-abuelitos-del-programa-mis-anos-dorados","status":"publish","type":"post","link":"https:\/\/gobernacionaltaverapaz.gob.gt\/?p=19874","title":{"rendered":"Actividad especial para los abuelitos del programa Mis A\u00f1os Dorados"},"content":{"rendered":"<div class=\"html-div xdj266r x11i5rnm xat24cr x1mh8g0r xexx8yu x4uap5 x18d9i69 xkhd6sd\" dir=\"auto\">\n<div id=\":rvm:\" class=\"x1l90r2v x1pi30zi x1swvt13 x1iorvi4\" data-ad-comet-preview=\"message\" data-ad-preview=\"message\">\n<div class=\"x78zum5 xdt5ytf xz62fqu x16ldp7u\">\n<div class=\"xu06os2 x1ok221b\">\n<div class=\"xdj266r x11i5rnm xat24cr x1mh8g0r x1vvkbs x126k92a\">\n<div dir=\"auto\" style=\"text-align: justify;\">La Secretar\u00eda de Obras Sociales de la Esposa del Presidente de la Rep\u00fablica de Guatemala. Realiz\u00f3 una actividad especial para los abuelitos del programa Mis A\u00f1os Dorados.<\/div>\n<\/div>\n<div class=\"x11i5rnm xat24cr x1mh8g0r x1vvkbs xtlvy1s x126k92a\" style=\"text-align: justify;\">\n<div dir=\"auto\">En el evento, se llev\u00f3 a cabo una emocionante elecci\u00f3n de &#8220;Abuelita Independencia&#8221; y &#8220;Abuelita Mis A\u00f1os Dorados&#8221;.<\/div>\n<\/div>\n<div class=\"x11i5rnm xat24cr x1mh8g0r x1vvkbs xtlvy1s x126k92a\" style=\"text-align: justify;\">\n<div dir=\"auto\">Esta celebraci\u00f3n resalt\u00f3 el valor y la alegr\u00eda de nuestros mayores, brind\u00e1ndoles un momento especial y lleno de afecto.<\/div>\n<div dir=\"auto\"><\/div>\n<\/div>\n<div class=\"x11i5rnm xat24cr x1mh8g0r x1vvkbs xtlvy1s x126k92a\">\n<div dir=\"auto\" style=\"text-align: justify;\"><span class=\"html-span xdj266r x11i5rnm xat24cr x1mh8g0r xexx8yu x4uap5 x18d9i69 xkhd6sd x1hl2dhg x16tdsg8 x1vvkbs\"><a class=\"x1i10hfl xjbqb8w x1ejq31n xd10rxx x1sy0etr x17r0tee x972fbf xcfux6l x1qhh985 xm0m39n x9f619 x1ypdohk xt0psk2 xe8uvvx xdj266r x11i5rnm xat24cr x1mh8g0r xexx8yu x4uap5 x18d9i69 xkhd6sd x16tdsg8 x1hl2dhg xggy1nq x1a2a7pz x1sur9pj xkrqix3 x1fey0fg x1s688f\" tabindex=\"0\" role=\"link\" href=\"https:\/\/www.facebook.com\/hashtag\/sosepaltaverapaz?__eep__=6&amp;__cft__[0]=AZVFOwXk9L3koNaxR131rXDhrkGMXDAaBXuabfyPuUOJ0I4VRjnKoWZqQf8KOh2EjGhQzrjPY5xyyFl7qqhAjrmEELlDgF91vCirr22m23swAtOMYBH0TGfQ_3d77UxWnlk0UY5AM6_N1_Yd_AE1H0UiXClJsMKHm09XPW6ffa1zRQ8x_Qf5hsQDc87f_6omWNU&amp;__tn__=*NK-R\">#SOSEPAltaVerapaz<\/a><\/span> <span class=\"html-span xdj266r x11i5rnm xat24cr x1mh8g0r xexx8yu x4uap5 x18d9i69 xkhd6sd x1hl2dhg x16tdsg8 x1vvkbs\"><a class=\"x1i10hfl xjbqb8w x1ejq31n xd10rxx x1sy0etr x17r0tee x972fbf xcfux6l x1qhh985 xm0m39n x9f619 x1ypdohk xt0psk2 xe8uvvx xdj266r x11i5rnm xat24cr x1mh8g0r xexx8yu x4uap5 x18d9i69 xkhd6sd x16tdsg8 x1hl2dhg xggy1nq x1a2a7pz x1sur9pj xkrqix3 x1fey0fg x1s688f\" tabindex=\"0\" role=\"link\" href=\"https:\/\/www.facebook.com\/sosepguatemala?__cft__[0]=AZVFOwXk9L3koNaxR131rXDhrkGMXDAaBXuabfyPuUOJ0I4VRjnKoWZqQf8KOh2EjGhQzrjPY5xyyFl7qqhAjrmEELlDgF91vCirr22m23swAtOMYBH0TGfQ_3d77UxWnlk0UY5AM6_N1_Yd_AE1H0UiXClJsMKHm09XPW6ffa1zRQ8x_Qf5hsQDc87f_6omWNU&amp;__tn__=-]K-R\"><span class=\"xt0psk2\">Secretar\u00eda de Obras Sociales de la Esposa del Presidente<\/span><\/a><\/span><\/div>\n<\/div>\n<\/div>\n<\/div>\n<\/div>\n<\/div>\n<p>&nbsp;<\/p>\n<p>&nbsp;<\/p>\n<div><\/div>\n<p>&nbsp;<\/p>\n<p>&nbsp;<\/p>\n<p><a href=\"https:\/\/www.facebook.com\/photo\/?fbid=944397197728492&amp;set=pcb.944397521061793\"><img decoding=\"async\" loading=\"lazy\" class=\"alignnone wp-image-19842 size-full\" title=\"Ver galer\u00eda en Facebook\" src=\"https:\/\/gobernacionaltaverapaz.gob.gt\/wp-content\/uploads\/2024\/09\/galeria.jpg\" alt=\"\" width=\"215\" height=\"71\" \/><\/a><\/p>\n","protected":false},"excerpt":{"rendered":"<p>La Secretar\u00eda de Obras Sociales de la Esposa del Presidente de la Rep\u00fablica de Guatemala. Realiz\u00f3 una actividad especial para los abuelitos del programa Mis A\u00f1os Dorados. En el evento, se llev\u00f3 a cabo una emocionante elecci\u00f3n de &#8220;Abuelita Independencia&#8221; y &#8220;Abuelita Mis A\u00f1os Dorados&#8221;. Esta celebraci\u00f3n resalt\u00f3 el valor y la alegr\u00eda de nuestros [&hellip;]<\/p>\n","protected":false},"author":1,"featured_media":19875,"comment_status":"closed","ping_status":"open","sticky":false,"template":"","format":"standard","meta":[],"categories":[183],"tags":[178],"_links":{"self":[{"href":"https:\/\/gobernacionaltaverapaz.gob.gt\/index.php?rest_route=\/wp\/v2\/posts\/19874"}],"collection":[{"href":"https:\/\/gobernacionaltaverapaz.gob.gt\/index.php?rest_route=\/wp\/v2\/posts"}],"about":[{"href":"https:\/\/gobernacionaltaverapaz.gob.gt\/index.php?rest_route=\/wp\/v2\/types\/post"}],"author":[{"embeddable":true,"href":"https:\/\/gobernacionaltaverapaz.gob.gt\/index.php?rest_route=\/wp\/v2\/users\/1"}],"replies":[{"embeddable":true,"href":"https:\/\/gobernacionaltaverapaz.gob.gt\/index.php?rest_route=%2Fwp%2Fv2%2Fcomments&post=19874"}],"version-history":[{"count":1,"href":"https:\/\/gobernacionaltaverapaz.gob.gt\/index.php?rest_route=\/wp\/v2\/posts\/19874\/revisions"}],"predecessor-version":[{"id":19876,"href":"https:\/\/gobernacionaltaverapaz.gob.gt\/index.php?rest_route=\/wp\/v2\/posts\/19874\/revisions\/19876"}],"wp:featuredmedia":[{"embeddable":true,"href":"https:\/\/gobernacionaltaverapaz.gob.gt\/index.php?rest_route=\/wp\/v2\/media\/19875"}],"wp:attachment":[{"href":"https:\/\/gobernacionaltaverapaz.gob.gt\/index.php?rest_route=%2Fwp%2Fv2%2Fmedia&parent=19874"}],"wp:term":[{"taxonomy":"category","embeddable":true,"href":"https:\/\/gobernacionaltaverapaz.gob.gt\/index.php?rest_route=%2Fwp%2Fv2%2Fcategories&post=19874"},{"taxonomy":"post_tag","embeddable":true,"href":"https:\/\/gobernacionaltaverapaz.gob.gt\/index.php?rest_route=%2Fwp%2Fv2%2Ftags&post=19874"}],"curies":[{"name":"wp","href":"https:\/\/api.w.org\/{rel}","templated":true}]}}