{"id":19885,"date":"2024-09-11T15:46:30","date_gmt":"2024-09-11T21:46:30","guid":{"rendered":"https:\/\/gobernacionaltaverapaz.gob.gt\/?p=19885"},"modified":"2024-09-23T16:44:37","modified_gmt":"2024-09-23T22:44:37","slug":"acto-civico-para-conmemorar-el-dia-de-la-mujer-indigena","status":"publish","type":"post","link":"https:\/\/gobernacionaltaverapaz.gob.gt\/?p=19885","title":{"rendered":"Acto C\u00edvico para Conmemorar el D\u00eda de la Mujer Ind\u00edgena"},"content":{"rendered":"<div class=\"x11i5rnm xat24cr x1mh8g0r x1vvkbs xtlvy1s x126k92a\">\n<div dir=\"auto\" style=\"text-align: justify;\">Celebramos un acto c\u00edvico en Plazuela Parque Centrar la Paz. Para conmemorar el D\u00eda de la Mujer Ind\u00edgena, honrando la valent\u00eda y contribuciones de las mujeres ind\u00edgenas. El evento incluy\u00f3 discursos de reconocimiento, presentaciones culturales y la entrega de distinciones a mujeres destacadas en sus comunidades.<\/div>\n<\/div>\n<div class=\"x11i5rnm xat24cr x1mh8g0r x1vvkbs xtlvy1s x126k92a\">\n<div dir=\"auto\" style=\"text-align: justify;\">Agradecemos a todos los participantes y a las mujeres ind\u00edgenas por su valioso papel en la preservaci\u00f3n de nuestras culturas y la promoci\u00f3n de la igualdad.<\/div>\n<\/div>\n<p>&nbsp;<\/p>\n<div><\/div>\n<p>&nbsp;<\/p>\n<p>&nbsp;<\/p>\n<p><a href=\"https:\/\/www.facebook.com\/photo\/?fbid=944408587727353&amp;set=pcb.944426231058922\"><img decoding=\"async\" loading=\"lazy\" class=\"alignnone wp-image-19842 size-full\" title=\"Ver imagen de Facebook\" src=\"https:\/\/gobernacionaltaverapaz.gob.gt\/wp-content\/uploads\/2024\/09\/galeria.jpg\" alt=\"\" width=\"215\" height=\"71\" \/><\/a><\/p>\n","protected":false},"excerpt":{"rendered":"<p>Celebramos un acto c\u00edvico en Plazuela Parque Centrar la Paz. Para conmemorar el D\u00eda de la Mujer Ind\u00edgena, honrando la valent\u00eda y contribuciones de las mujeres ind\u00edgenas. El evento incluy\u00f3 discursos de reconocimiento, presentaciones culturales y la entrega de distinciones a mujeres destacadas en sus comunidades. Agradecemos a todos los participantes y a las mujeres [&hellip;]<\/p>\n","protected":false},"author":1,"featured_media":19877,"comment_status":"closed","ping_status":"open","sticky":false,"template":"","format":"standard","meta":[],"categories":[183],"tags":[178],"_links":{"self":[{"href":"https:\/\/gobernacionaltaverapaz.gob.gt\/index.php?rest_route=\/wp\/v2\/posts\/19885"}],"collection":[{"href":"https:\/\/gobernacionaltaverapaz.gob.gt\/index.php?rest_route=\/wp\/v2\/posts"}],"about":[{"href":"https:\/\/gobernacionaltaverapaz.gob.gt\/index.php?rest_route=\/wp\/v2\/types\/post"}],"author":[{"embeddable":true,"href":"https:\/\/gobernacionaltaverapaz.gob.gt\/index.php?rest_route=\/wp\/v2\/users\/1"}],"replies":[{"embeddable":true,"href":"https:\/\/gobernacionaltaverapaz.gob.gt\/index.php?rest_route=%2Fwp%2Fv2%2Fcomments&post=19885"}],"version-history":[{"count":1,"href":"https:\/\/gobernacionaltaverapaz.gob.gt\/index.php?rest_route=\/wp\/v2\/posts\/19885\/revisions"}],"predecessor-version":[{"id":19886,"href":"https:\/\/gobernacionaltaverapaz.gob.gt\/index.php?rest_route=\/wp\/v2\/posts\/19885\/revisions\/19886"}],"wp:featuredmedia":[{"embeddable":true,"href":"https:\/\/gobernacionaltaverapaz.gob.gt\/index.php?rest_route=\/wp\/v2\/media\/19877"}],"wp:attachment":[{"href":"https:\/\/gobernacionaltaverapaz.gob.gt\/index.php?rest_route=%2Fwp%2Fv2%2Fmedia&parent=19885"}],"wp:term":[{"taxonomy":"category","embeddable":true,"href":"https:\/\/gobernacionaltaverapaz.gob.gt\/index.php?rest_route=%2Fwp%2Fv2%2Fcategories&post=19885"},{"taxonomy":"post_tag","embeddable":true,"href":"https:\/\/gobernacionaltaverapaz.gob.gt\/index.php?rest_route=%2Fwp%2Fv2%2Ftags&post=19885"}],"curies":[{"name":"wp","href":"https:\/\/api.w.org\/{rel}","templated":true}]}}